{"id":23257,"date":"2016-05-08T06:30:46","date_gmt":"2016-05-08T09:30:46","guid":{"rendered":"https:\/\/clickcarangola.com.br\/site\/?p=23257"},"modified":"2016-05-09T10:32:33","modified_gmt":"2016-05-09T13:32:33","slug":"jovem-de-orizania-morre-em-grave-acidente-na-br-116","status":"publish","type":"post","link":"https:\/\/clickcarangola.com.br\/site\/08\/05\/2016\/jovem-de-orizania-morre-em-grave-acidente-na-br-116\/","title":{"rendered":"Jovem de Oriz\u00e2nia morre em grave acidente na BR-116"},"content":{"rendered":"<p style=\"text-align: justify;\" align=\"left\"><span style=\"font-size: 13px; font-weight: normal; color: #888888;\"><span style=\"color: #888888;\"><img loading=\"lazy\" decoding=\"async\" class=\"size-full wp-image-23277 alignleft\" title=\"\" src=\"https:\/\/clickcarangola.com.br\/site\/wp-content\/uploads\/2016\/05\/Acidente-Rafael-Valente.jpg\" alt=\"\" width=\"300\" height=\"226\" \/>Um grave acidente foi registrado pela Pol\u00edcia Rodovi\u00e1ria Federal (PRF) por volta das 23h deste s\u00e1bado (07) na\u00a0BR-116, pr\u00f3ximo a cidade de Oriz\u00e2nia.<\/span><\/span><\/p>\n<p style=\"text-align: justify;\" align=\"left\"><span style=\"font-size: 13px; font-weight: normal; color: #888888;\">O jovem Rafael C\u00e2ndido Valente, de 23 anos, que conduzia um Saveiro Cross, n\u00e3o resistiu aos ferimentos e morreu ap\u00f3s se envolver no acidente com um \u00f4nibus da Via\u00e7\u00e3o \u00c1guia Branca.<!--more--><\/span><\/p>\n<p style=\"text-align: justify;\" align=\"left\"><span style=\"font-size: 13px; font-weight: normal; color: #888888;\">Um outro jovem da cidade de Oriz\u00e2nia, que tamb\u00e9m estava no Saveiro, foi socorrido por uma ambul\u00e2ncia\u00a0em estado grave. Ele sofreu fraturas expostas, quebrou o f\u00eamur e o maxilar.<\/span><\/p>\n<p style=\"text-align: justify;\" align=\"left\"><span style=\"font-size: 13px; font-weight: normal; color: #888888;\">A frente do Saveiro ficou completamente destru\u00edda ao colidir na lateral direita do \u00f4nibus. O local foi sinalizado pela PRF at\u00e9 a chegada da per\u00edcia.<\/span><\/p>\n<p style=\"text-align: justify;\" align=\"left\"><span style=\"font-size: 13px; font-weight: normal; color: #888888;\">O sentimento de amigos de Rafael \u00e9 de muito pesar. O jovem era muito conhecido na cidade de Oriz\u00e2nia.<\/span><\/p>\n<p style=\"text-align: justify;\" align=\"left\"><span style=\"font-size: 13px; font-weight: normal; color: #888888;\">O corpo ser\u00e1 velado na Capela da cidade de Divino, de onde sair\u00e1 as 17h30 para o Cemit\u00e9rio Municipal.<\/span><\/p>\n<p style=\"text-align: justify;\" align=\"left\"><span style=\"font-size: 13px; font-weight: normal; color: #ff0000;\">Confira as imagens:<\/span><\/p>\n<div class=\"mceTemp\">\n<dl id=\"\" class=\"wp-caption \" style=\"width: 410px;\">\n<dt class=\"wp-caption-dt\"><img loading=\"lazy\" decoding=\"async\" src=\"https:\/\/clickcarangola.com.br\/site\/wp-content\/uploads\/2016\/05\/Acidente-Rafael-Valente-01.jpg\" alt=\"\" width=\"400\" height=\"300\" \/><img loading=\"lazy\" decoding=\"async\" style=\"text-align: justify;\" title=\"\" src=\"https:\/\/clickcarangola.com.br\/site\/wp-content\/uploads\/2016\/05\/Acidente-Rafael-Valente-02.jpg\" alt=\"\" width=\"400\" height=\"600\" \/><img loading=\"lazy\" decoding=\"async\" style=\"text-align: justify;\" title=\"\" src=\"https:\/\/clickcarangola.com.br\/site\/wp-content\/uploads\/2016\/05\/Acidente-Rafael-Valente-03.jpg\" alt=\"\" width=\"400\" height=\"300\" \/><img loading=\"lazy\" decoding=\"async\" style=\"text-align: justify;\" title=\"\" src=\"https:\/\/clickcarangola.com.br\/site\/wp-content\/uploads\/2016\/05\/Acidente-Rafael-Valente-04.jpg\" alt=\"\" width=\"400\" height=\"300\" \/><\/dt>\n<\/dl>\n<\/div>\n<p style=\"text-align: justify;\" align=\"left\"><span style=\"color: #808080;\"><strong><span style=\"font-size: 13px;\">Por: Click Carangola | <\/span><\/strong><span style=\"font-size: 13px;\">Com informa\u00e7\u00f5es da PRF e jornal O Campe\u00e3o.<\/span><\/span><\/p>\n","protected":false},"excerpt":{"rendered":"<p>Um grave acidente foi registrado pela Pol\u00edcia Rodovi\u00e1ria Federal (PRF) por volta das 23h deste s\u00e1bado (07) na\u00a0BR-116, pr\u00f3ximo a cidade de Oriz\u00e2nia. O jovem Rafael C\u00e2ndido Valente, de 23 anos, que conduzia um Saveiro Cross, n\u00e3o resistiu aos ferimentos e morreu ap\u00f3s se envolver no acidente com um \u00f4nibus da Via\u00e7\u00e3o \u00c1guia Branca.<\/p>\n","protected":false},"author":2,"featured_media":0,"comment_status":"open","ping_status":"open","sticky":false,"template":"","format":"standard","meta":{"footnotes":""},"categories":[53],"tags":[],"class_list":["post-23257","post","type-post","status-publish","format-standard","hentry","category-orizania-mg"],"_links":{"self":[{"href":"https:\/\/clickcarangola.com.br\/site\/wp-json\/wp\/v2\/posts\/23257","targetHints":{"allow":["GET"]}}],"collection":[{"href":"https:\/\/clickcarangola.com.br\/site\/wp-json\/wp\/v2\/posts"}],"about":[{"href":"https:\/\/clickcarangola.com.br\/site\/wp-json\/wp\/v2\/types\/post"}],"author":[{"embeddable":true,"href":"https:\/\/clickcarangola.com.br\/site\/wp-json\/wp\/v2\/users\/2"}],"replies":[{"embeddable":true,"href":"https:\/\/clickcarangola.com.br\/site\/wp-json\/wp\/v2\/comments?post=23257"}],"version-history":[{"count":16,"href":"https:\/\/clickcarangola.com.br\/site\/wp-json\/wp\/v2\/posts\/23257\/revisions"}],"predecessor-version":[{"id":23259,"href":"https:\/\/clickcarangola.com.br\/site\/wp-json\/wp\/v2\/posts\/23257\/revisions\/23259"}],"wp:attachment":[{"href":"https:\/\/clickcarangola.com.br\/site\/wp-json\/wp\/v2\/media?parent=23257"}],"wp:term":[{"taxonomy":"category","embeddable":true,"href":"https:\/\/clickcarangola.com.br\/site\/wp-json\/wp\/v2\/categories?post=23257"},{"taxonomy":"post_tag","embeddable":true,"href":"https:\/\/clickcarangola.com.br\/site\/wp-json\/wp\/v2\/tags?post=23257"}],"curies":[{"name":"wp","href":"https:\/\/api.w.org\/{rel}","templated":true}]}}