{"id":23432,"date":"2016-05-19T06:00:43","date_gmt":"2016-05-19T09:00:43","guid":{"rendered":"https:\/\/clickcarangola.com.br\/site\/?p=23432"},"modified":"2016-05-19T16:37:16","modified_gmt":"2016-05-19T19:37:16","slug":"encontro-gastronomico-em-pedra-dourada","status":"publish","type":"post","link":"https:\/\/clickcarangola.com.br\/site\/19\/05\/2016\/encontro-gastronomico-em-pedra-dourada\/","title":{"rendered":"Encontro Gastron\u00f4mico em Pedra Dourada"},"content":{"rendered":"<p style=\"text-align: justify;\" align=\"left\"><span style=\"font-size: 13px; font-weight: normal; color: #888888;\"><img loading=\"lazy\" decoding=\"async\" class=\"size-full wp-image-23434 alignleft\" title=\"\" src=\"https:\/\/clickcarangola.com.br\/site\/wp-content\/uploads\/2016\/05\/Encontro-Gastron\u00f4mico-01.jpg\" alt=\"\" width=\"300\" height=\"226\" srcset=\"https:\/\/clickcarangola.com.br\/site\/wp-content\/uploads\/2016\/05\/Encontro-Gastron\u00f4mico-01.jpg 1530w, https:\/\/clickcarangola.com.br\/site\/wp-content\/uploads\/2016\/05\/Encontro-Gastron\u00f4mico-01-300x225.jpg 300w, https:\/\/clickcarangola.com.br\/site\/wp-content\/uploads\/2016\/05\/Encontro-Gastron\u00f4mico-01-1024x768.jpg 1024w, https:\/\/clickcarangola.com.br\/site\/wp-content\/uploads\/2016\/05\/Encontro-Gastron\u00f4mico-01-100x75.jpg 100w\" sizes=\"auto, (max-width: 300px) 100vw, 300px\" \/>Belezas naturais e culin\u00e1ria regional, esses foram os temas escolhidos para encantar os douradenses e os visitantes que passaram pela Pra\u00e7a Gumercindo Proba, em Pedra Dourada, neste final de semana.<\/span><\/p>\n<p style=\"text-align: justify;\" align=\"left\"><span style=\"font-size: 13px; font-weight: normal; color: #888888;\">Sete expositores mostraram o melhor da culin\u00e1ria local em pratos t\u00edpicos e que deixam \u00e1gua na boca. Um banquete para os olhos foram as fotos que concorreram aos pr\u00eamios do Concurso Fotogr\u00e1fico nas categorias Tema Livre e Aves Silvestres.<!--more--><\/span><\/p>\n<p style=\"text-align: justify;\" align=\"left\"><span style=\"font-size: 13px; font-weight: normal; color: #888888;\">O trabalho dos jurados, K\u00e1tia Carrara, Cimar Pinheiro, Cida Moreti e Adriana Cardoso foi dif\u00edcil na hora de avaliar as fotos tiradas pelos participantes do Concurso Fotogr\u00e1fico. Mas acabaram decidindo pelas do aluno da rede p\u00fablica de ensino Cayo Martins, de Ros\u00e2ngela Vale Dias e de Nicole Savi. Eles avaliaram quase 130 fotos de pessoas que se inscreveram, todas com muita qualidade e percep\u00e7\u00e3o por parte dos fot\u00f3grafos amadores da cidade.<\/span><\/p>\n<p style=\"text-align: justify;\" align=\"left\"><span style=\"font-size: 13px; font-weight: normal; color: #888888;\">J\u00e1 o Encontro Gastron\u00f4mico reuniu o que h\u00e1 de melhor na culin\u00e1ria local em um s\u00f3 ambiente. Apresentaram pratos e receitas as barracas da Vanda, Tiquinha, L\u00facia, Dona Maria, Vanuzia, Juc, Telma e Alecrim Dourado. Todas com pelo menos cinco pratos diferentes para ao p\u00fablico. Uma boa not\u00edcia para os douradenses, e para as centenas de turistas que passam pela cidade aos finais de semana, \u00e9 que o Encontro Gastron\u00f4mico ser\u00e1 realizado todos os meses. A confirma\u00e7\u00e3o surgiu depois de uma reuni\u00e3o entre a prefeita Eunice Soares e os expositores, que gostaram da ideia e prometeram surpreender a cada m\u00eas, com novas receitas, pratos e com padr\u00f5es altos de sabor.<\/span><\/p>\n<p style=\"text-align: justify;\" align=\"left\"><span style=\"font-size: 13px; font-weight: normal; color: #888888;\">O Grupo de Dan\u00e7a do Cras municipal e os alunos da oficina de m\u00fasica do maestro Cl\u00e1udio se apresentaram e mostraram o resultado das oficinas desenvolvidas pela Secretaria de Assist\u00eancia Social. A Banda Chapanejo e Cassim dos Teclados fecharam a noite com muito forr\u00f3.<\/span><\/p>\n<p style=\"text-align: justify;\" align=\"left\"><span style=\"font-size: 13px; font-weight: normal; color: #ff0000;\">Confira as imagens:<\/span><\/p>\n<div class=\"mceTemp\">\n<dl id=\"\" class=\"wp-caption \" style=\"width: 410px;\">\n<dt class=\"wp-caption-dt\"><img loading=\"lazy\" decoding=\"async\" src=\"https:\/\/clickcarangola.com.br\/site\/wp-content\/uploads\/2016\/05\/Encontro-Gastron\u00f4mico-02.jpg\" alt=\"\" width=\"400\" height=\"300\" \/><img loading=\"lazy\" decoding=\"async\" style=\"text-align: justify;\" title=\"\" src=\"https:\/\/clickcarangola.com.br\/site\/wp-content\/uploads\/2016\/05\/Encontro-Gastron\u00f4mico-03.jpg\" alt=\"\" width=\"400\" height=\"300\" \/><img loading=\"lazy\" decoding=\"async\" style=\"text-align: justify;\" title=\"\" src=\"https:\/\/clickcarangola.com.br\/site\/wp-content\/uploads\/2016\/05\/Encontro-Gastron\u00f4mico-04.jpg\" alt=\"\" width=\"400\" height=\"300\" \/><img loading=\"lazy\" decoding=\"async\" style=\"text-align: justify;\" title=\"\" src=\"https:\/\/clickcarangola.com.br\/site\/wp-content\/uploads\/2016\/05\/Encontro-Gastron\u00f4mico-05.jpg\" alt=\"\" width=\"400\" height=\"300\" \/><img loading=\"lazy\" decoding=\"async\" style=\"text-align: justify;\" title=\"\" src=\"https:\/\/clickcarangola.com.br\/site\/wp-content\/uploads\/2016\/05\/Encontro-Gastron\u00f4mico-06.jpg\" alt=\"\" width=\"400\" height=\"300\" \/><img loading=\"lazy\" decoding=\"async\" style=\"text-align: justify;\" title=\"\" src=\"https:\/\/clickcarangola.com.br\/site\/wp-content\/uploads\/2016\/05\/Encontro-Gastron\u00f4mico-07.jpg\" alt=\"\" width=\"400\" height=\"300\" \/><img loading=\"lazy\" decoding=\"async\" style=\"text-align: justify;\" title=\"\" src=\"https:\/\/clickcarangola.com.br\/site\/wp-content\/uploads\/2016\/05\/Encontro-Gastron\u00f4mico-08.jpg\" alt=\"\" width=\"400\" height=\"300\" \/><img loading=\"lazy\" decoding=\"async\" style=\"text-align: justify;\" title=\"\" src=\"https:\/\/clickcarangola.com.br\/site\/wp-content\/uploads\/2016\/05\/Encontro-Gastron\u00f4mico-09.jpg\" alt=\"\" width=\"400\" height=\"300\" \/><img loading=\"lazy\" decoding=\"async\" style=\"text-align: justify;\" title=\"\" src=\"https:\/\/clickcarangola.com.br\/site\/wp-content\/uploads\/2016\/05\/Encontro-Gastron\u00f4mico-10.jpg\" alt=\"\" width=\"400\" height=\"300\" \/><\/dt>\n<\/dl>\n<\/div>\n<p style=\"text-align: justify;\" align=\"left\"><strong><span style=\"font-size: 13px; color: #888888;\">Por: Click Carangola &#8211; www.clickcarangola.com.br<\/span><\/strong><\/p>\n","protected":false},"excerpt":{"rendered":"<p>Belezas naturais e culin\u00e1ria regional, esses foram os temas escolhidos para encantar os douradenses e os visitantes que passaram pela Pra\u00e7a Gumercindo Proba, em Pedra Dourada, neste final de semana. Sete expositores mostraram o melhor da culin\u00e1ria local em pratos t\u00edpicos e que deixam \u00e1gua na boca. Um banquete para os olhos foram as fotos [&hellip;]<\/p>\n","protected":false},"author":2,"featured_media":0,"comment_status":"open","ping_status":"open","sticky":false,"template":"","format":"standard","meta":{"footnotes":""},"categories":[54],"tags":[],"class_list":["post-23432","post","type-post","status-publish","format-standard","hentry","category-pedradourada-mg"],"_links":{"self":[{"href":"https:\/\/clickcarangola.com.br\/site\/wp-json\/wp\/v2\/posts\/23432","targetHints":{"allow":["GET"]}}],"collection":[{"href":"https:\/\/clickcarangola.com.br\/site\/wp-json\/wp\/v2\/posts"}],"about":[{"href":"https:\/\/clickcarangola.com.br\/site\/wp-json\/wp\/v2\/types\/post"}],"author":[{"embeddable":true,"href":"https:\/\/clickcarangola.com.br\/site\/wp-json\/wp\/v2\/users\/2"}],"replies":[{"embeddable":true,"href":"https:\/\/clickcarangola.com.br\/site\/wp-json\/wp\/v2\/comments?post=23432"}],"version-history":[{"count":7,"href":"https:\/\/clickcarangola.com.br\/site\/wp-json\/wp\/v2\/posts\/23432\/revisions"}],"predecessor-version":[{"id":23444,"href":"https:\/\/clickcarangola.com.br\/site\/wp-json\/wp\/v2\/posts\/23432\/revisions\/23444"}],"wp:attachment":[{"href":"https:\/\/clickcarangola.com.br\/site\/wp-json\/wp\/v2\/media?parent=23432"}],"wp:term":[{"taxonomy":"category","embeddable":true,"href":"https:\/\/clickcarangola.com.br\/site\/wp-json\/wp\/v2\/categories?post=23432"},{"taxonomy":"post_tag","embeddable":true,"href":"https:\/\/clickcarangola.com.br\/site\/wp-json\/wp\/v2\/tags?post=23432"}],"curies":[{"name":"wp","href":"https:\/\/api.w.org\/{rel}","templated":true}]}}