{"id":23483,"date":"2016-05-18T07:00:50","date_gmt":"2016-05-18T10:00:50","guid":{"rendered":"https:\/\/clickcarangola.com.br\/site\/?p=23483"},"modified":"2016-05-24T16:05:08","modified_gmt":"2016-05-24T19:05:08","slug":"parque-nacional-do-caparao-celebra-55-anos-no-dia-24","status":"publish","type":"post","link":"https:\/\/clickcarangola.com.br\/site\/18\/05\/2016\/parque-nacional-do-caparao-celebra-55-anos-no-dia-24\/","title":{"rendered":"Parque Nacional do Capara\u00f3 celebra 55 anos no dia 24"},"content":{"rendered":"<p style=\"text-align: justify;\" align=\"left\"><span style=\"font-size: 13px; font-weight: normal; color: #888888;\"><img loading=\"lazy\" decoding=\"async\" class=\"size-full wp-image-23484 alignleft\" title=\"\" src=\"https:\/\/clickcarangola.com.br\/site\/wp-content\/uploads\/2016\/05\/Parque-Nacional-do-Capara\u00f3-55-anos.jpg\" alt=\"\" width=\"300\" height=\"226\" \/>Para comemorar os seus 55 anos de exist\u00eancia no dia 24 de maio, o\u00a0Parque Nacional do Capara\u00f3 (MG\/ES) preparou uma semana de festividades para os seus visitantes.<\/span><\/p>\n<p style=\"text-align: justify;\" align=\"left\"><span style=\"font-size: 13px; font-weight: normal; color: #888888;\">(Confira a programa\u00e7\u00e3o abaixo) &#8211;\u00a0De 21 a 28 deste m\u00eas, ser\u00e3o\u00a0realizados\u00a0mutir\u00f5es de limpeza e sinaliza\u00e7\u00e3o das trilhas do Pico da Bandeira, visitas e atividades escolares e a\u00e7\u00f5es de voluntariado.<!--more--><\/span><\/p>\n<p style=\"text-align: justify;\" align=\"left\"><span style=\"font-size: 13px; font-weight: normal; color: #888888;\">A partir do dia 21, o centro de visitantes do Parque hospedar\u00e1 a\u00a0mostra fotogr\u00e1fica &#8220;Capara\u00f3 visto de cima&#8221;, de autoria do pesquisador Braz Consenza da Universidade do Estado de Minas Gerais &#8211; UEMG Carangola. At\u00e9 o dia 31 de agosto,\u00a0o p\u00fablico geral e visitantes poder\u00e3o conferir\u00a055 fotografias a\u00e9reas da unidade de conserva\u00e7\u00e3o, produzidas durante os 15 anos de pesquisas cient\u00edficas do autor.<\/span><\/p>\n<p style=\"text-align: justify;\" align=\"left\"><span style=\"font-size: 13px; font-weight: normal; color: #888888;\">No dia 24 de maio, a partir das 15h00, tamb\u00e9m no Centro de Visitantes, haver\u00e1\u00a0solenidade com a presen\u00e7a de autoridades, gestores p\u00fablicos e lideran\u00e7as da regi\u00e3o do Capara\u00f3 mineiro e capixaba e representa\u00e7\u00f5es dos estados de Minas Gerais e Esp\u00edrito Santo.<\/span><\/p>\n<p style=\"text-align: justify;\" align=\"left\"><span style=\"font-size: 13px; font-weight: normal; color: #888888;\"><a href=\"https:\/\/www.icmbio.gov.br\/portal\/images\/stories\/PROGRAMA%C3%87%C3%83O_02.pdf\" target=\"_blank\">Veja\u00a0aqui a programa\u00e7\u00e3o das festividades.<\/a><\/span><\/p>\n<p style=\"text-align: justify;\" align=\"left\"><span style=\"font-size: 13px; font-weight: normal; color: #888888;\">Com\u00a0um territ\u00f3rio de aproximadamente 31,8 mil hectares na Serra do Capara\u00f3, o Parque Nacional do Capara\u00f3 \u00e9 um dos \u00edcones do montanhismo no Brasil. Na divisa dos estados de Minas Gerais e Esp\u00edrito Santo,\u00a0ele abriga o terceiro ponto mais alto do Pa\u00eds, o Pico da Bandeira\u00a0(2.892 metros de altitude) e outros\u00a0cinco dos dez picos mais altos de todo o territ\u00f3rio nacional.\u00a0<\/span><\/p>\n<p style=\"text-align: justify;\" align=\"left\"><span style=\"font-size: 13px; font-weight: normal; color: #888888;\">Mais informa\u00e7\u00f5es no <a href=\"https:\/\/www.icmbio.gov.br\/parnacaparao\/4-parque-nacional-do-caparao.html\" target=\"_blank\">site oficial do Parque<\/a>,\u00a0pelo e-mail <a href=\"mailto:parnacaparao@icmbio.gov.br\" target=\"_blank\">parnacaparao@icmbio.gov.br<\/a>\u00a0<span style=\"color: #888888;\">ou telefone (32) 3747-2943.<\/span><\/span><\/p>\n<p style=\"text-align: justify;\" align=\"left\"><span style=\"font-size: 13px; font-weight: normal; color: #888888;\"><strong>Por: Click Carangola &#8211; www.clickcarangola.com.br<\/strong><\/span><\/p>\n","protected":false},"excerpt":{"rendered":"<p>Para comemorar os seus 55 anos de exist\u00eancia no dia 24 de maio, o\u00a0Parque Nacional do Capara\u00f3 (MG\/ES) preparou uma semana de festividades para os seus visitantes. (Confira a programa\u00e7\u00e3o abaixo) &#8211;\u00a0De 21 a 28 deste m\u00eas, ser\u00e3o\u00a0realizados\u00a0mutir\u00f5es de limpeza e sinaliza\u00e7\u00e3o das trilhas do Pico da Bandeira, visitas e atividades escolares e a\u00e7\u00f5es de [&hellip;]<\/p>\n","protected":false},"author":2,"featured_media":0,"comment_status":"open","ping_status":"open","sticky":false,"template":"","format":"standard","meta":{"footnotes":""},"categories":[39],"tags":[],"class_list":["post-23483","post","type-post","status-publish","format-standard","hentry","category-altocaparao-mg"],"_links":{"self":[{"href":"https:\/\/clickcarangola.com.br\/site\/wp-json\/wp\/v2\/posts\/23483","targetHints":{"allow":["GET"]}}],"collection":[{"href":"https:\/\/clickcarangola.com.br\/site\/wp-json\/wp\/v2\/posts"}],"about":[{"href":"https:\/\/clickcarangola.com.br\/site\/wp-json\/wp\/v2\/types\/post"}],"author":[{"embeddable":true,"href":"https:\/\/clickcarangola.com.br\/site\/wp-json\/wp\/v2\/users\/2"}],"replies":[{"embeddable":true,"href":"https:\/\/clickcarangola.com.br\/site\/wp-json\/wp\/v2\/comments?post=23483"}],"version-history":[{"count":10,"href":"https:\/\/clickcarangola.com.br\/site\/wp-json\/wp\/v2\/posts\/23483\/revisions"}],"predecessor-version":[{"id":23530,"href":"https:\/\/clickcarangola.com.br\/site\/wp-json\/wp\/v2\/posts\/23483\/revisions\/23530"}],"wp:attachment":[{"href":"https:\/\/clickcarangola.com.br\/site\/wp-json\/wp\/v2\/media?parent=23483"}],"wp:term":[{"taxonomy":"category","embeddable":true,"href":"https:\/\/clickcarangola.com.br\/site\/wp-json\/wp\/v2\/categories?post=23483"},{"taxonomy":"post_tag","embeddable":true,"href":"https:\/\/clickcarangola.com.br\/site\/wp-json\/wp\/v2\/tags?post=23483"}],"curies":[{"name":"wp","href":"https:\/\/api.w.org\/{rel}","templated":true}]}}