{"id":23519,"date":"2016-05-24T07:00:18","date_gmt":"2016-05-24T10:00:18","guid":{"rendered":"https:\/\/clickcarangola.com.br\/site\/?p=23519"},"modified":"2016-05-24T17:22:20","modified_gmt":"2016-05-24T20:22:20","slug":"parque-do-caparao-comemora-55-anos-nesta-terca-24","status":"publish","type":"post","link":"https:\/\/clickcarangola.com.br\/site\/24\/05\/2016\/parque-do-caparao-comemora-55-anos-nesta-terca-24\/","title":{"rendered":"Parque do Capara\u00f3 comemora 55 anos nesta ter\u00e7a (24)"},"content":{"rendered":"<p style=\"text-align: justify;\" align=\"left\"><span style=\"font-size: 13px; font-weight: normal; color: #888888;\"><img loading=\"lazy\" decoding=\"async\" class=\"size-full wp-image-23522 alignleft\" title=\"\" src=\"https:\/\/clickcarangola.com.br\/site\/wp-content\/uploads\/2016\/05\/Parque-Nacional.jpg\" alt=\"\" width=\"300\" height=\"226\" \/>O Parque Nacional do Capara\u00f3, Unidade de Conserva\u00e7\u00e3o administrada pelo Instituto Chico Mendes de Conserva\u00e7\u00e3o da Biodiversidade (ICMBio) localizada na divisa dos estados de Minas Gerais e Esp\u00edrito Santo, completa 55 anos de cria\u00e7\u00e3o no dia 24 de maio.<\/span><\/p>\n<p style=\"text-align: justify;\" align=\"left\"><span style=\"font-size: 13px; font-weight: normal; color: #888888;\">Como parte das comemora\u00e7\u00f5es foi aberta no dia 21 maio, no Centro de Visitantes de Alto Capara\u00f3-MG, a Exposi\u00e7\u00e3o Fotogr\u00e1fica &#8220;Capara\u00f3 visto de cima&#8221; de autoria do pesquisador Braz Cosenza, da Universidade do Estado de Minas Gerais \u2013 UEMG Carangola.<!--more--><\/span><\/p>\n<p style=\"text-align: justify;\" align=\"left\"><span style=\"font-size: 13px; font-weight: normal; color: #888888;\">A exposi\u00e7\u00e3o ser\u00e1 composta por 55 fotografias a\u00e9reas do Parque Nacional do Capara\u00f3 produzidas durante 15 anos de Pesquisas Cient\u00edficas feitas pelo pesquisador e permanecer\u00e1 aberta ao p\u00fablico geral e visitantes at\u00e9 31 de agosto.<\/span><\/p>\n<p style=\"text-align: justify;\" align=\"left\"><span style=\"font-size: 13px; font-weight: normal; color: #888888;\">As festividades come\u00e7am um pouco antes, no dia 21, e seguem at\u00e9 o dia 28 com mutir\u00f5es de limpeza e sinaliza\u00e7\u00e3o das trilhas do Pico da Bandeira, que fica no interior da unidade, visitas e atividades escolares e a\u00e7\u00f5es de voluntariado.<\/span><\/p>\n<p style=\"text-align: justify;\" align=\"left\"><span style=\"font-size: 13px; font-weight: normal; color: #888888;\">No dia 24 de maio, a partir das 15h no Centro de Visitantes, em Alto Capara\u00f3, ser\u00e1 realizada a principal solenidade em comemora\u00e7\u00e3o aos 55 anos do parque com a presen\u00e7a de autoridades, gestores p\u00fablicos e lideran\u00e7as da regi\u00e3o do Capara\u00f3 mineiro e capixaba e representa\u00e7\u00f5es dos estados de Minas Gerais e Esp\u00edrito Santo. Mais informa\u00e7\u00f5es no site do Parque Nacional do Capara\u00f3 ou pelo e-mail parnacaparao@icmbio.gov.br e telefone (32) 3747-2943.<\/span><\/p>\n<div class=\"mceTemp\">\n<dl id=\"attachment_23521\" class=\"wp-caption alignnone\" style=\"width: 510px;\">\n<dt class=\"wp-caption-dt\"><img loading=\"lazy\" decoding=\"async\" class=\"size-full wp-image-23521\" src=\"https:\/\/clickcarangola.com.br\/site\/wp-content\/uploads\/2016\/05\/Caparao-55-anos.jpg\" alt=\"\" width=\"600\" height=\"800\" \/><\/dt>\n<\/dl>\n<\/div>\n<p style=\"text-align: justify;\" align=\"left\"><strong><span style=\"font-size: 13px; color: #888888;\">Por: Click Carangola &#8211; www.clickcarangola.com.br<\/span><\/strong><\/p>\n","protected":false},"excerpt":{"rendered":"<p>O Parque Nacional do Capara\u00f3, Unidade de Conserva\u00e7\u00e3o administrada pelo Instituto Chico Mendes de Conserva\u00e7\u00e3o da Biodiversidade (ICMBio) localizada na divisa dos estados de Minas Gerais e Esp\u00edrito Santo, completa 55 anos de cria\u00e7\u00e3o no dia 24 de maio. Como parte das comemora\u00e7\u00f5es foi aberta no dia 21 maio, no Centro de Visitantes de Alto [&hellip;]<\/p>\n","protected":false},"author":2,"featured_media":0,"comment_status":"open","ping_status":"open","sticky":false,"template":"","format":"standard","meta":{"footnotes":""},"categories":[39],"tags":[],"class_list":["post-23519","post","type-post","status-publish","format-standard","hentry","category-altocaparao-mg"],"_links":{"self":[{"href":"https:\/\/clickcarangola.com.br\/site\/wp-json\/wp\/v2\/posts\/23519","targetHints":{"allow":["GET"]}}],"collection":[{"href":"https:\/\/clickcarangola.com.br\/site\/wp-json\/wp\/v2\/posts"}],"about":[{"href":"https:\/\/clickcarangola.com.br\/site\/wp-json\/wp\/v2\/types\/post"}],"author":[{"embeddable":true,"href":"https:\/\/clickcarangola.com.br\/site\/wp-json\/wp\/v2\/users\/2"}],"replies":[{"embeddable":true,"href":"https:\/\/clickcarangola.com.br\/site\/wp-json\/wp\/v2\/comments?post=23519"}],"version-history":[{"count":9,"href":"https:\/\/clickcarangola.com.br\/site\/wp-json\/wp\/v2\/posts\/23519\/revisions"}],"predecessor-version":[{"id":23528,"href":"https:\/\/clickcarangola.com.br\/site\/wp-json\/wp\/v2\/posts\/23519\/revisions\/23528"}],"wp:attachment":[{"href":"https:\/\/clickcarangola.com.br\/site\/wp-json\/wp\/v2\/media?parent=23519"}],"wp:term":[{"taxonomy":"category","embeddable":true,"href":"https:\/\/clickcarangola.com.br\/site\/wp-json\/wp\/v2\/categories?post=23519"},{"taxonomy":"post_tag","embeddable":true,"href":"https:\/\/clickcarangola.com.br\/site\/wp-json\/wp\/v2\/tags?post=23519"}],"curies":[{"name":"wp","href":"https:\/\/api.w.org\/{rel}","templated":true}]}}