{"id":23572,"date":"2016-05-27T06:00:04","date_gmt":"2016-05-27T09:00:04","guid":{"rendered":"https:\/\/clickcarangola.com.br\/site\/?p=23572"},"modified":"2016-05-27T16:26:27","modified_gmt":"2016-05-27T19:26:27","slug":"festa-do-carro-de-boi-em-alto-jequitiba","status":"publish","type":"post","link":"https:\/\/clickcarangola.com.br\/site\/27\/05\/2016\/festa-do-carro-de-boi-em-alto-jequitiba\/","title":{"rendered":"Festa do carro de boi em Alto Jequitib\u00e1"},"content":{"rendered":"<p style=\"text-align: justify;\" align=\"left\"><span style=\"font-size: 13px; font-weight: normal; color: #888888;\"><img loading=\"lazy\" decoding=\"async\" class=\"size-full wp-image-23574 alignleft\" title=\"\" src=\"https:\/\/clickcarangola.com.br\/site\/wp-content\/uploads\/2016\/05\/Carro-Boi-2014.jpg\" alt=\"\" width=\"300\" height=\"226\" srcset=\"https:\/\/clickcarangola.com.br\/site\/wp-content\/uploads\/2016\/05\/Carro-Boi-2014.jpg 960w, https:\/\/clickcarangola.com.br\/site\/wp-content\/uploads\/2016\/05\/Carro-Boi-2014-300x225.jpg 300w, https:\/\/clickcarangola.com.br\/site\/wp-content\/uploads\/2016\/05\/Carro-Boi-2014-100x75.jpg 100w\" sizes=\"auto, (max-width: 300px) 100vw, 300px\" \/>Acontece at\u00e9 domingo, 29 de maio, a 7\u00aa Festa do Carro de Boi em Alto Jequitib\u00e1.<\/span><\/p>\n<p style=\"text-align: justify;\" align=\"left\"><span style=\"font-size: 13px; font-weight: normal; color: #888888;\">Na sexta-feira, dia 27 de maio, \u00e0s 20h, elei\u00e7\u00e3o da Rainha do Carro de Boi, logo ap\u00f3s shows com Adair Cardoso e dupla Lucas &amp; Thom\u00e1s. No s\u00e1bado, dia 28 de maio, \u00e0s 19h, Missa do Carreiro na Igreja Matriz, em seguida projeto &#8220;Minas ao Luar&#8221; e show com a Banda Mister Lex.<!--more--><\/span><\/p>\n<p style=\"text-align: justify;\" align=\"left\"><span style=\"font-size: 13px; font-weight: normal; color: #888888;\">No domingo, dia 29 de maio, \u00e0s 13h, desfile dos carros de boi, logo ap\u00f3s show de pr\u00eamios com sorteio de uma motocicleta 0 km e encerrando a festa apresenta\u00e7\u00e3o de Raon\u00e9 Carvalho.<\/span><\/p>\n<p style=\"text-align: justify;\" align=\"left\"><span style=\"font-size: 13px; font-weight: normal; color: #888888;\">A festa acontece no Centro de Eventos Marianos (Poliesportivo) e \u00e9 uma realiza\u00e7\u00e3o da Prefeitura e C\u00e2mara de Alto Jequitib\u00e1. <\/span><\/p>\n<p style=\"text-align: justify;\" align=\"left\"><span style=\"font-size: 13px; font-weight: normal; color: #888888;\">A entrada \u00e9 franca.<\/span><\/p>\n<div class=\"mceTemp\">\n<dl id=\"attachment_23573\" class=\"wp-caption alignnone\" style=\"width: 410px;\">\n<dt class=\"wp-caption-dt\"><img loading=\"lazy\" decoding=\"async\" class=\"size-full wp-image-23573\" src=\"https:\/\/clickcarangola.com.br\/site\/wp-content\/uploads\/2016\/05\/Festa-Carro-Boi-Alto-Jequitiba-2016.jpg\" alt=\"\" width=\"400\" height=\"300\" \/><\/dt>\n<\/dl>\n<\/div>\n<p style=\"text-align: justify;\" align=\"left\"><span style=\"font-size: 13px; font-weight: normal; color: #888888;\"><strong>Por: Click Carangola &#8211; www.clickcarangola.com.br<\/strong><\/span><\/p>\n","protected":false},"excerpt":{"rendered":"<p>Acontece at\u00e9 domingo, 29 de maio, a 7\u00aa Festa do Carro de Boi em Alto Jequitib\u00e1. Na sexta-feira, dia 27 de maio, \u00e0s 20h, elei\u00e7\u00e3o da Rainha do Carro de Boi, logo ap\u00f3s shows com Adair Cardoso e dupla Lucas &amp; Thom\u00e1s. No s\u00e1bado, dia 28 de maio, \u00e0s 19h, Missa do Carreiro na Igreja [&hellip;]<\/p>\n","protected":false},"author":2,"featured_media":0,"comment_status":"open","ping_status":"open","sticky":false,"template":"","format":"standard","meta":{"footnotes":""},"categories":[40],"tags":[],"class_list":["post-23572","post","type-post","status-publish","format-standard","hentry","category-altojequitiba-mg"],"_links":{"self":[{"href":"https:\/\/clickcarangola.com.br\/site\/wp-json\/wp\/v2\/posts\/23572","targetHints":{"allow":["GET"]}}],"collection":[{"href":"https:\/\/clickcarangola.com.br\/site\/wp-json\/wp\/v2\/posts"}],"about":[{"href":"https:\/\/clickcarangola.com.br\/site\/wp-json\/wp\/v2\/types\/post"}],"author":[{"embeddable":true,"href":"https:\/\/clickcarangola.com.br\/site\/wp-json\/wp\/v2\/users\/2"}],"replies":[{"embeddable":true,"href":"https:\/\/clickcarangola.com.br\/site\/wp-json\/wp\/v2\/comments?post=23572"}],"version-history":[{"count":4,"href":"https:\/\/clickcarangola.com.br\/site\/wp-json\/wp\/v2\/posts\/23572\/revisions"}],"predecessor-version":[{"id":23576,"href":"https:\/\/clickcarangola.com.br\/site\/wp-json\/wp\/v2\/posts\/23572\/revisions\/23576"}],"wp:attachment":[{"href":"https:\/\/clickcarangola.com.br\/site\/wp-json\/wp\/v2\/media?parent=23572"}],"wp:term":[{"taxonomy":"category","embeddable":true,"href":"https:\/\/clickcarangola.com.br\/site\/wp-json\/wp\/v2\/categories?post=23572"},{"taxonomy":"post_tag","embeddable":true,"href":"https:\/\/clickcarangola.com.br\/site\/wp-json\/wp\/v2\/tags?post=23572"}],"curies":[{"name":"wp","href":"https:\/\/api.w.org\/{rel}","templated":true}]}}