{"id":23695,"date":"2016-05-31T06:30:04","date_gmt":"2016-05-31T09:30:04","guid":{"rendered":"https:\/\/clickcarangola.com.br\/site\/?p=23695"},"modified":"2016-06-02T17:07:31","modified_gmt":"2016-06-02T20:07:31","slug":"homem-e-esfaqueado-em-festa-em-alto-jequitiba","status":"publish","type":"post","link":"https:\/\/clickcarangola.com.br\/site\/31\/05\/2016\/homem-e-esfaqueado-em-festa-em-alto-jequitiba\/","title":{"rendered":"Homem \u00e9 esfaqueado em festa em Alto Jequitib\u00e1"},"content":{"rendered":"<p style=\"text-align: justify;\" align=\"left\"><span style=\"font-size: 13px; font-weight: normal; color: #888888;\"><img loading=\"lazy\" decoding=\"async\" class=\"size-full wp-image-23706 alignleft\" title=\"\" src=\"https:\/\/clickcarangola.com.br\/site\/wp-content\/uploads\/2016\/05\/Not\u00edcia-policial-AJ-31-05.jpg\" alt=\"\" width=\"300\" height=\"226\" \/>ALTO JEQUITIB\u00c1 &#8211; Claudiano de Lima, conhecido como B\u00f3, de 31 anos, \u00e9 acusado de esfaquear Jo\u00e3o Paulo Rodrigues da Silva, no in\u00edcio da noite de domingo, no final da chamada &#8220;Festa do Carro de Boi&#8221;, em Alto Jequitib\u00e1.<\/span><\/p>\n<p style=\"text-align: justify;\" align=\"left\"><span style=\"font-size: 13px; font-weight: normal; color: #888888;\">A v\u00edtima foi atendida pelos socorristas que se faziam presentes no local da festividade. Ela apresentava um profundo e extenso corte na regi\u00e3o do pesco\u00e7o e, aparentemente na regi\u00e3o abdominal.<!--more--><\/span><\/p>\n<p style=\"text-align: justify;\" align=\"left\"><span style=\"font-size: 13px; font-weight: normal; color: #888888;\">Uma testemunha contou que, enquanto estava consciente, Jo\u00e3o Paulo teria afirmado que o autor seria o indiv\u00edduo conhecido como &#8220;B\u00f3&#8221; &#8211; Claudiano de Lima.<\/span><\/p>\n<p style=\"text-align: justify;\" align=\"left\"><span style=\"font-size: 13px; font-weight: normal; color: #888888;\">A v\u00edtima foi socorrida para o Hospital Padre J\u00falio Maria em Manhumirim.<\/span><\/p>\n<p style=\"text-align: justify;\" align=\"left\"><span style=\"font-size: 13px; font-weight: normal; color: #888888;\">Os dois envolvidos residem em Manhumirim. B\u00f3 foi localizado pela equipe da Pol\u00edcia Militar no bairro Divin\u00e9ia. Ele conseguiu fugir pelos fundos da casa e entrar num matagal.<\/span><\/p>\n<p style=\"text-align: justify;\" align=\"left\"><span style=\"font-size: 13px; font-weight: normal; color: #888888;\">Ainda segundo a pol\u00edcia, foi feito um v\u00eddeo no celular em que a v\u00edtima confirma a autoria das facadas.<\/span><\/p>\n<p style=\"text-align: justify;\" align=\"left\"><span style=\"font-size: 13px; font-weight: normal; color: #888888;\">Jo\u00e3o Paulo foi encaminhado ao bloco cir\u00fargico em estado grave. <\/span><\/p>\n<p style=\"text-align: justify;\" align=\"left\"><strong><span style=\"font-size: 13px; color: #888888;\">Por: Click Carangola | <\/span><\/strong><span style=\"font-size: 13px; color: #888888;\">Com informa\u00e7\u00f5es da PM.<\/span><\/p>\n","protected":false},"excerpt":{"rendered":"<p>ALTO JEQUITIB\u00c1 &#8211; Claudiano de Lima, conhecido como B\u00f3, de 31 anos, \u00e9 acusado de esfaquear Jo\u00e3o Paulo Rodrigues da Silva, no in\u00edcio da noite de domingo, no final da chamada &#8220;Festa do Carro de Boi&#8221;, em Alto Jequitib\u00e1. A v\u00edtima foi atendida pelos socorristas que se faziam presentes no local da festividade. Ela apresentava [&hellip;]<\/p>\n","protected":false},"author":2,"featured_media":0,"comment_status":"open","ping_status":"open","sticky":false,"template":"","format":"standard","meta":{"footnotes":""},"categories":[40],"tags":[],"class_list":["post-23695","post","type-post","status-publish","format-standard","hentry","category-altojequitiba-mg"],"_links":{"self":[{"href":"https:\/\/clickcarangola.com.br\/site\/wp-json\/wp\/v2\/posts\/23695","targetHints":{"allow":["GET"]}}],"collection":[{"href":"https:\/\/clickcarangola.com.br\/site\/wp-json\/wp\/v2\/posts"}],"about":[{"href":"https:\/\/clickcarangola.com.br\/site\/wp-json\/wp\/v2\/types\/post"}],"author":[{"embeddable":true,"href":"https:\/\/clickcarangola.com.br\/site\/wp-json\/wp\/v2\/users\/2"}],"replies":[{"embeddable":true,"href":"https:\/\/clickcarangola.com.br\/site\/wp-json\/wp\/v2\/comments?post=23695"}],"version-history":[{"count":7,"href":"https:\/\/clickcarangola.com.br\/site\/wp-json\/wp\/v2\/posts\/23695\/revisions"}],"predecessor-version":[{"id":23700,"href":"https:\/\/clickcarangola.com.br\/site\/wp-json\/wp\/v2\/posts\/23695\/revisions\/23700"}],"wp:attachment":[{"href":"https:\/\/clickcarangola.com.br\/site\/wp-json\/wp\/v2\/media?parent=23695"}],"wp:term":[{"taxonomy":"category","embeddable":true,"href":"https:\/\/clickcarangola.com.br\/site\/wp-json\/wp\/v2\/categories?post=23695"},{"taxonomy":"post_tag","embeddable":true,"href":"https:\/\/clickcarangola.com.br\/site\/wp-json\/wp\/v2\/tags?post=23695"}],"curies":[{"name":"wp","href":"https:\/\/api.w.org\/{rel}","templated":true}]}}