{"id":23714,"date":"2016-05-31T07:30:07","date_gmt":"2016-05-31T10:30:07","guid":{"rendered":"https:\/\/clickcarangola.com.br\/site\/?p=23714"},"modified":"2016-06-02T17:03:50","modified_gmt":"2016-06-02T20:03:50","slug":"mais-uma-tentativa-de-homicidio-em-alto-jequitiba","status":"publish","type":"post","link":"https:\/\/clickcarangola.com.br\/site\/31\/05\/2016\/mais-uma-tentativa-de-homicidio-em-alto-jequitiba\/","title":{"rendered":"Mais uma tentativa de homic\u00eddio em Alto Jequitib\u00e1"},"content":{"rendered":"<p style=\"text-align: justify;\" align=\"left\"><span style=\"font-size: 13px; font-weight: normal; color: #888888;\"><img loading=\"lazy\" decoding=\"async\" class=\"size-full wp-image-23717 alignleft\" title=\"\" src=\"https:\/\/clickcarangola.com.br\/site\/wp-content\/uploads\/2016\/05\/Not\u00edcia-policial-2-AJ-31-05.jpg\" alt=\"\" width=\"300\" height=\"226\" \/>ALTO JEQUITIB\u00c1 &#8211; Jacy Barroso de Paula, de 52 anos, \u00e9 mais uma v\u00edtima de tentativa de homic\u00eddio em Alto Jequitib\u00e1 (MG), nas \u00faltimas 24 horas. No domingo houve o registro de outro crime contra a vida registrado em uma festa. Desta feita, a agress\u00e3o aconteceu a tiros no in\u00edcio da madrugada da segunda-feira (30\/05).<\/span><\/p>\n<p style=\"text-align: justify;\" align=\"left\"><span style=\"font-size: 13px; font-weight: normal; color: #888888;\">Segundo informa\u00e7\u00f5es de pessoas ouvidas e contidas na ocorr\u00eancia policial da PM, a motiva\u00e7\u00e3o do crime pode ser passional. O caso est\u00e1 sendo investigado.<!--more--><\/span><\/p>\n<p style=\"text-align: justify;\" align=\"left\"><span style=\"font-size: 13px; font-weight: normal; color: #888888;\">Jacy foi atingido na perna e na regi\u00e3o lombar, sendo socorrido ao hospital de Manhumirim (MG). O autor dos disparos foi identificado e est\u00e1 sendo procurado.<\/span><\/p>\n<p style=\"text-align: justify;\" align=\"left\"><span style=\"font-size: 13px; font-weight: normal; color: #888888;\">Durante a ocorr\u00eancia foi descoberto que a v\u00edtima possu\u00eda uma arma de fogo escondida em casa. O rev\u00f3lver calibre 22 foi apreendido. <\/span><\/p>\n<p style=\"text-align: justify;\" align=\"left\"><span style=\"font-size: 13px; font-weight: normal; color: #888888;\"><strong>Por: Click Carangola<\/strong> | Com informa\u00e7\u00f5es da PM e Manhua\u00e7u News.<\/span><\/p>\n","protected":false},"excerpt":{"rendered":"<p>ALTO JEQUITIB\u00c1 &#8211; Jacy Barroso de Paula, de 52 anos, \u00e9 mais uma v\u00edtima de tentativa de homic\u00eddio em Alto Jequitib\u00e1 (MG), nas \u00faltimas 24 horas. No domingo houve o registro de outro crime contra a vida registrado em uma festa. Desta feita, a agress\u00e3o aconteceu a tiros no in\u00edcio da madrugada da segunda-feira (30\/05). [&hellip;]<\/p>\n","protected":false},"author":2,"featured_media":0,"comment_status":"open","ping_status":"open","sticky":false,"template":"","format":"standard","meta":{"footnotes":""},"categories":[40],"tags":[],"class_list":["post-23714","post","type-post","status-publish","format-standard","hentry","category-altojequitiba-mg"],"_links":{"self":[{"href":"https:\/\/clickcarangola.com.br\/site\/wp-json\/wp\/v2\/posts\/23714","targetHints":{"allow":["GET"]}}],"collection":[{"href":"https:\/\/clickcarangola.com.br\/site\/wp-json\/wp\/v2\/posts"}],"about":[{"href":"https:\/\/clickcarangola.com.br\/site\/wp-json\/wp\/v2\/types\/post"}],"author":[{"embeddable":true,"href":"https:\/\/clickcarangola.com.br\/site\/wp-json\/wp\/v2\/users\/2"}],"replies":[{"embeddable":true,"href":"https:\/\/clickcarangola.com.br\/site\/wp-json\/wp\/v2\/comments?post=23714"}],"version-history":[{"count":6,"href":"https:\/\/clickcarangola.com.br\/site\/wp-json\/wp\/v2\/posts\/23714\/revisions"}],"predecessor-version":[{"id":23716,"href":"https:\/\/clickcarangola.com.br\/site\/wp-json\/wp\/v2\/posts\/23714\/revisions\/23716"}],"wp:attachment":[{"href":"https:\/\/clickcarangola.com.br\/site\/wp-json\/wp\/v2\/media?parent=23714"}],"wp:term":[{"taxonomy":"category","embeddable":true,"href":"https:\/\/clickcarangola.com.br\/site\/wp-json\/wp\/v2\/categories?post=23714"},{"taxonomy":"post_tag","embeddable":true,"href":"https:\/\/clickcarangola.com.br\/site\/wp-json\/wp\/v2\/tags?post=23714"}],"curies":[{"name":"wp","href":"https:\/\/api.w.org\/{rel}","templated":true}]}}