{"id":23808,"date":"2016-06-05T08:00:50","date_gmt":"2016-06-05T11:00:50","guid":{"rendered":"https:\/\/clickcarangola.com.br\/site\/?p=23808"},"modified":"2016-06-06T11:27:12","modified_gmt":"2016-06-06T14:27:12","slug":"pm-aprende-2-armas-moto-e-um-homem-e-preso","status":"publish","type":"post","link":"https:\/\/clickcarangola.com.br\/site\/05\/06\/2016\/pm-aprende-2-armas-moto-e-um-homem-e-preso\/","title":{"rendered":"PM aprende 2 armas, moto e um homem \u00e9 preso"},"content":{"rendered":"<p style=\"text-align: justify;\" align=\"left\"><span style=\"font-size: 13px; font-weight: normal; color: #888888;\"><img loading=\"lazy\" decoding=\"async\" class=\"size-full wp-image-23810 alignleft\" title=\"\" src=\"https:\/\/clickcarangola.com.br\/site\/wp-content\/uploads\/2016\/06\/BO-SFG-04-06-01.jpg\" alt=\"\" width=\"300\" height=\"226\" \/>S\u00c3O FRANCISCO DO GL\u00d3RIA &#8211; Mais duas armas de fogo foram apreendidas pela Pol\u00edcia Militar (PM) na regi\u00e3o. Neste s\u00e1bado (04), na cidade de S\u00e3o Francisco do Gl\u00f3ria, militares recolheram duas espingardas e uma motocicleta adulterada. Um homem foi preso.<\/span><\/p>\n<p style=\"text-align: justify;\" align=\"left\"><span style=\"font-size: 13px; font-weight: normal; color: #888888;\">Em entrevista, o cabo Silva Marques, de S\u00e3o Francisco disse que o homem foi detido ap\u00f3s sua esposa ligar para a PM, denunciando que o marido estava alcoolizado e que durante uma discuss\u00e3o entre ambos ele teria disparado um tiro a esmo usando uma espingarda calibre 12.<!--more--><\/span><\/p>\n<p style=\"text-align: justify;\" align=\"left\"><span style=\"font-size: 13px; font-weight: normal; color: #888888;\">A PM seguiu para o endere\u00e7o e segundo o cabo, com permiss\u00e3o da v\u00edtima, os militares realizaram buscas no im\u00f3vel e encontraram a arma calibre 12, achando, na sequ\u00eancia durante vistoria nas proximidades da casa, uma moto com chassi e numera\u00e7\u00e3o de motor totalmente raspados.<\/span><\/p>\n<p style=\"text-align: justify;\" align=\"left\"><span style=\"font-size: 13px; font-weight: normal; color: #888888;\">Ainda de acordo com o militar, em outra resid\u00eancia, onde moram o pai e um irm\u00e3o do suspeito, foi recolhida uma espingarda calibre 32. Conforme o pai, a arma seria do filho que mora com ele, mas o rapaz n\u00e3o estava na casa e n\u00e3o foi localizado at\u00e9 o fechamento da ocorr\u00eancia.<\/span><\/p>\n<p style=\"text-align: justify;\" align=\"left\"><span style=\"font-size: 13px; font-weight: normal; color: #888888;\">J\u00e1 na delegacia de Muria\u00e9, onde o caso foi repassado \u00e0 Pol\u00edcia Civil (PC), o homem detido teve o flagrante ratificado pelo delegado de plant\u00e3o e conduzido para o Pres\u00eddio Safira.<\/span><\/p>\n<p style=\"text-align: justify;\" align=\"left\"><span style=\"font-size: 13px; font-weight: normal; color: #ff0000;\">Confira as imagens:<\/span><\/p>\n<div class=\"mceTemp\">\n<dl id=\"\" class=\"wp-caption \" style=\"width: 410px;\">\n<dt class=\"wp-caption-dt\"><img loading=\"lazy\" decoding=\"async\" src=\"https:\/\/clickcarangola.com.br\/site\/wp-content\/uploads\/2016\/06\/BO-SFG-04-06-02.jpg\" alt=\"\" width=\"400\" height=\"300\" \/><img loading=\"lazy\" decoding=\"async\" style=\"text-align: justify;\" title=\"\" src=\"https:\/\/clickcarangola.com.br\/site\/wp-content\/uploads\/2016\/06\/BO-SFG-04-06-03.jpg\" alt=\"\" width=\"400\" height=\"300\" \/><img loading=\"lazy\" decoding=\"async\" style=\"text-align: justify;\" title=\"\" src=\"https:\/\/clickcarangola.com.br\/site\/wp-content\/uploads\/2016\/06\/BO-SFG-04-06-04.jpg\" alt=\"\" width=\"400\" height=\"300\" \/><\/dt>\n<\/dl>\n<\/div>\n<p style=\"text-align: justify;\" align=\"left\"><span style=\"font-size: 13px; color: #888888;\"><strong>Por: Click Carangola<\/strong> | <\/span><span style=\"font-size: 13px; color: #888888;\">Com informa\u00e7\u00f5es da PM e R\u00e1dio Muria\u00e9.<\/span><\/p>\n","protected":false},"excerpt":{"rendered":"<p>S\u00c3O FRANCISCO DO GL\u00d3RIA &#8211; Mais duas armas de fogo foram apreendidas pela Pol\u00edcia Militar (PM) na regi\u00e3o. Neste s\u00e1bado (04), na cidade de S\u00e3o Francisco do Gl\u00f3ria, militares recolheram duas espingardas e uma motocicleta adulterada. Um homem foi preso. Em entrevista, o cabo Silva Marques, de S\u00e3o Francisco disse que o homem foi detido [&hellip;]<\/p>\n","protected":false},"author":2,"featured_media":0,"comment_status":"open","ping_status":"open","sticky":false,"template":"","format":"standard","meta":{"footnotes":""},"categories":[55],"tags":[],"class_list":["post-23808","post","type-post","status-publish","format-standard","hentry","category-saofranciscodogloria-mg"],"_links":{"self":[{"href":"https:\/\/clickcarangola.com.br\/site\/wp-json\/wp\/v2\/posts\/23808","targetHints":{"allow":["GET"]}}],"collection":[{"href":"https:\/\/clickcarangola.com.br\/site\/wp-json\/wp\/v2\/posts"}],"about":[{"href":"https:\/\/clickcarangola.com.br\/site\/wp-json\/wp\/v2\/types\/post"}],"author":[{"embeddable":true,"href":"https:\/\/clickcarangola.com.br\/site\/wp-json\/wp\/v2\/users\/2"}],"replies":[{"embeddable":true,"href":"https:\/\/clickcarangola.com.br\/site\/wp-json\/wp\/v2\/comments?post=23808"}],"version-history":[{"count":8,"href":"https:\/\/clickcarangola.com.br\/site\/wp-json\/wp\/v2\/posts\/23808\/revisions"}],"predecessor-version":[{"id":23825,"href":"https:\/\/clickcarangola.com.br\/site\/wp-json\/wp\/v2\/posts\/23808\/revisions\/23825"}],"wp:attachment":[{"href":"https:\/\/clickcarangola.com.br\/site\/wp-json\/wp\/v2\/media?parent=23808"}],"wp:term":[{"taxonomy":"category","embeddable":true,"href":"https:\/\/clickcarangola.com.br\/site\/wp-json\/wp\/v2\/categories?post=23808"},{"taxonomy":"post_tag","embeddable":true,"href":"https:\/\/clickcarangola.com.br\/site\/wp-json\/wp\/v2\/tags?post=23808"}],"curies":[{"name":"wp","href":"https:\/\/api.w.org\/{rel}","templated":true}]}}