{"id":24003,"date":"2016-06-14T08:00:02","date_gmt":"2016-06-14T11:00:02","guid":{"rendered":"https:\/\/clickcarangola.com.br\/site\/?p=24003"},"modified":"2016-06-15T16:36:39","modified_gmt":"2016-06-15T19:36:39","slug":"alto-caparao-anuncia-3-concurso-de-qualidade-do-cafe","status":"publish","type":"post","link":"https:\/\/clickcarangola.com.br\/site\/14\/06\/2016\/alto-caparao-anuncia-3-concurso-de-qualidade-do-cafe\/","title":{"rendered":"Alto Capara\u00f3 anuncia 3\u00ba Concurso de Qualidade do Caf\u00e9"},"content":{"rendered":"<p style=\"text-align: justify;\" align=\"left\"><span style=\"font-size: 13px; font-weight: normal; color: #888888;\"><img loading=\"lazy\" decoding=\"async\" class=\"size-full wp-image-24006 alignleft\" title=\"\" src=\"https:\/\/clickcarangola.com.br\/site\/wp-content\/uploads\/2016\/06\/Concurso-Caf\u00e9-01.jpg\" alt=\"\" width=\"300\" height=\"226\" \/>ALTO CAPARA\u00d3 &#8211; A Prefeitura de Alto Capara\u00f3 confirmou a realiza\u00e7\u00e3o do III Concurso de Qualidade do Caf\u00e9.<\/span><\/p>\n<p style=\"text-align: justify;\" align=\"left\"><span style=\"font-size: 13px; font-weight: normal; color: #888888;\">A atividade ser\u00e1 coordenada pela Secretaria de Turismo. Foram definidas as datas e est\u00e3o sendo acertadas as parcerias para a realiza\u00e7\u00e3o da terceira edi\u00e7\u00e3o.<!--more--><\/span><\/p>\n<p style=\"text-align: justify;\" align=\"left\"><span style=\"font-size: 13px; font-weight: normal; color: #888888;\">As inscri\u00e7\u00f5es estar\u00e3o abertas a partir de agosto e as etapas de classifica\u00e7\u00e3o, torra, prova e premia\u00e7\u00e3o acontecer\u00e3o em setembro.<\/span><\/p>\n<p style=\"text-align: justify;\" align=\"left\"><span style=\"font-size: 13px; font-weight: normal; color: #808080;\">Sucesso:<\/span><\/p>\n<p style=\"text-align: justify;\" align=\"left\"><span style=\"font-size: 13px; font-weight: normal; color: #808080;\">O concurso foi criado como forma de incentivar a produ\u00e7\u00e3o de caf\u00e9s de alto padr\u00e3o de qualidade. No ano passado, foram 131 amostras envolvendo produtores do munic\u00edpio.<\/span><\/p>\n<p style=\"text-align: justify;\" align=\"left\"><span style=\"font-size: 13px; font-weight: normal; color: #888888;\">Os 15 melhores classificados receberam as premia\u00e7\u00f5es. O grande vencedor em 2015 foi o produtor Weder Batista Freire. Em segundo, ficou G\u00eaneses Moreira Bastos; e em terceiro Jos\u00e9 Elias Batista Freire.<\/span><\/p>\n<p style=\"text-align: justify;\" align=\"left\"><span style=\"font-size: 13px; font-weight: normal; color: #808080;\">Confira as imagens:<\/span><\/p>\n<div class=\"mceTemp\">\n<dl id=\"\" class=\"wp-caption \" style=\"width: 410px;\">\n<dt class=\"wp-caption-dt\"><img loading=\"lazy\" decoding=\"async\" src=\"https:\/\/clickcarangola.com.br\/site\/wp-content\/uploads\/2016\/06\/Concurso-Caf\u00e9-02.jpg\" alt=\"\" width=\"400\" height=\"300\" \/><\/dt>\n<\/dl>\n<\/div>\n<p style=\"text-align: justify;\" align=\"left\"><span style=\"font-size: 13px; font-weight: normal; color: #888888;\"><strong>Por: Click Carangola<\/strong> | Com informa\u00e7\u00f5es Lovantino News.<\/span><\/p>\n","protected":false},"excerpt":{"rendered":"<p>ALTO CAPARA\u00d3 &#8211; A Prefeitura de Alto Capara\u00f3 confirmou a realiza\u00e7\u00e3o do III Concurso de Qualidade do Caf\u00e9. A atividade ser\u00e1 coordenada pela Secretaria de Turismo. Foram definidas as datas e est\u00e3o sendo acertadas as parcerias para a realiza\u00e7\u00e3o da terceira edi\u00e7\u00e3o.<\/p>\n","protected":false},"author":2,"featured_media":0,"comment_status":"open","ping_status":"open","sticky":false,"template":"","format":"standard","meta":{"footnotes":""},"categories":[39],"tags":[],"class_list":["post-24003","post","type-post","status-publish","format-standard","hentry","category-altocaparao-mg"],"_links":{"self":[{"href":"https:\/\/clickcarangola.com.br\/site\/wp-json\/wp\/v2\/posts\/24003","targetHints":{"allow":["GET"]}}],"collection":[{"href":"https:\/\/clickcarangola.com.br\/site\/wp-json\/wp\/v2\/posts"}],"about":[{"href":"https:\/\/clickcarangola.com.br\/site\/wp-json\/wp\/v2\/types\/post"}],"author":[{"embeddable":true,"href":"https:\/\/clickcarangola.com.br\/site\/wp-json\/wp\/v2\/users\/2"}],"replies":[{"embeddable":true,"href":"https:\/\/clickcarangola.com.br\/site\/wp-json\/wp\/v2\/comments?post=24003"}],"version-history":[{"count":7,"href":"https:\/\/clickcarangola.com.br\/site\/wp-json\/wp\/v2\/posts\/24003\/revisions"}],"predecessor-version":[{"id":24011,"href":"https:\/\/clickcarangola.com.br\/site\/wp-json\/wp\/v2\/posts\/24003\/revisions\/24011"}],"wp:attachment":[{"href":"https:\/\/clickcarangola.com.br\/site\/wp-json\/wp\/v2\/media?parent=24003"}],"wp:term":[{"taxonomy":"category","embeddable":true,"href":"https:\/\/clickcarangola.com.br\/site\/wp-json\/wp\/v2\/categories?post=24003"},{"taxonomy":"post_tag","embeddable":true,"href":"https:\/\/clickcarangola.com.br\/site\/wp-json\/wp\/v2\/tags?post=24003"}],"curies":[{"name":"wp","href":"https:\/\/api.w.org\/{rel}","templated":true}]}}