{"id":24059,"date":"2016-06-17T08:30:43","date_gmt":"2016-06-17T11:30:43","guid":{"rendered":"https:\/\/clickcarangola.com.br\/site\/?p=24059"},"modified":"2016-06-18T11:00:52","modified_gmt":"2016-06-18T14:00:52","slug":"alto-jequitiba-anuncia-concurso-de-qualidade-do-cafe","status":"publish","type":"post","link":"https:\/\/clickcarangola.com.br\/site\/17\/06\/2016\/alto-jequitiba-anuncia-concurso-de-qualidade-do-cafe\/","title":{"rendered":"Alto Jequitib\u00e1 anuncia concurso de qualidade do caf\u00e9"},"content":{"rendered":"<p style=\"text-align: justify;\" align=\"left\"><span style=\"font-size: 13px; font-weight: normal; color: #888888;\"><img loading=\"lazy\" decoding=\"async\" class=\"size-full wp-image-24061 alignleft\" title=\"\" src=\"https:\/\/clickcarangola.com.br\/site\/wp-content\/uploads\/2016\/06\/Concurso-Qualidade-Alto-Jequitiba-2016-1.jpg\" alt=\"\" width=\"300\" height=\"226\" \/>ALTO JEQUITIB\u00c1 &#8211; Foi lan\u00e7ado oficialmente pelo Prefeito de Alto Jequitib\u00e1 Daniel Guimar\u00e3es Sathler na tarde de s\u00e1bado (11\/06), no audit\u00f3rio da APCE (Associa\u00e7\u00e3o Presbiteriana Cultural e Educacional), o 1\u00ba Concurso Municipal de Qualidade do Caf\u00e9 de Alto Jequitib\u00e1.<\/span><\/p>\n<p style=\"text-align: justify;\" align=\"left\"><span style=\"font-size: 13px; font-weight: normal; color: #888888;\">Durante o encontro foi apresentado o regulamento oficial e a data de premia\u00e7\u00e3o dos cinco melhores caf\u00e9s de Alto Jequitib\u00e1, que ser\u00e1 no Centro de Eventos, com uma grande festa no dia 14 de outubro.<!--more--><\/span><\/p>\n<p style=\"text-align: justify;\" align=\"left\"><span style=\"font-size: 13px; font-weight: normal; color: #888888;\">O Prefeito Daniel disse que o objetivo do concurso \u00e9 prestigiar os produtores, que s\u00e3o os personagens mais importantes do caf\u00e9. &#8220;Alto Jequitib\u00e1 tem altitude, clima e pessoas empenhadas e dedicadas \u00e0 cafeicultura, desta forma, temos condi\u00e7\u00f5es de mostrar para o nosso Estado e para o Brasil que temos caf\u00e9s de qualidade&#8221;, afirmou.<\/span><\/p>\n<p style=\"text-align: justify;\" align=\"left\"><span style=\"font-size: 13px; font-weight: normal; color: #888888;\">O representante local da EMATER, Ronaldo Alves Fumi\u00e3, explicou para os produtores de como ser\u00e1 realizado todo o processo para chegar at\u00e9 a divulga\u00e7\u00e3o dos resultados e entregou para cada um o regulamento oficial do concurso. A EMATER-MG ser\u00e1 uma das parceiras que conduzir\u00e1 todo o processo.<\/span><\/p>\n<p style=\"text-align: justify;\" align=\"left\"><span style=\"font-size: 13px; font-weight: normal; color: #888888;\">A reportagem conversou com alguns produtores, que ficaram muito satisfeitos com a realiza\u00e7\u00e3o desse 1\u00ba Concurso Municipal de Qualidade do Caf\u00e9 de Alto Jequitib\u00e1 organizado pela Prefeitura.<\/span><\/p>\n<p style=\"text-align: justify;\" align=\"left\"><span style=\"font-size: 13px; font-weight: normal; color: #888888;\">Al\u00e9m de v\u00e1rios produtores, participaram do evento oficial de lan\u00e7amento do 1\u00ba Concurso Municipal de Qualidade do Caf\u00e9 de Alto Jequitib\u00e1, o vice-prefeito, vereadores, representantes da EMATER-MG na cidade e na regi\u00e3o, o propriet\u00e1rio da Fazenda Ninho da \u00c1guia de Alto Capara\u00f3, Clayton Barossa Monteiro, vencedora do Coffee Of The Year 2014 e 2015 (melhor caf\u00e9 do Brasil) e o empres\u00e1rio Ronald Gripp e seu filho Ronald Santos Gripp do Grupo Capara\u00f3 Parque Hotel e da empresa Cafeeira Alto Capara\u00f3 (Caf\u00e9s Especiais de Altitude). <\/span><\/p>\n<p style=\"text-align: justify;\" align=\"left\"><strong><span style=\"font-size: 13px; color: #888888;\">Confira as imagens:<\/span><\/strong><\/p>\n<div class=\"mceTemp\">\n<dl id=\"\" class=\"wp-caption \" style=\"width: 410px;\">\n<dt class=\"wp-caption-dt\"><img loading=\"lazy\" decoding=\"async\" src=\"https:\/\/clickcarangola.com.br\/site\/wp-content\/uploads\/2016\/06\/Concurso-Qualidade-Alto-Jequitiba-2016-2.jpg\" alt=\"\" width=\"400\" height=\"300\" \/><img loading=\"lazy\" decoding=\"async\" style=\"text-align: justify;\" title=\"\" src=\"https:\/\/clickcarangola.com.br\/site\/wp-content\/uploads\/2016\/06\/Concurso-Qualidade-Alto-Jequitiba-2016-3.jpg\" alt=\"\" width=\"400\" height=\"300\" \/><\/dt>\n<\/dl>\n<\/div>\n<p style=\"text-align: justify;\" align=\"left\"><span style=\"font-size: 13px; font-weight: normal; color: #888888;\"><strong>Por: Click Carangola<\/strong> | Com informa\u00e7\u00f5es Lovantino News.<\/span><\/p>\n","protected":false},"excerpt":{"rendered":"<p>ALTO JEQUITIB\u00c1 &#8211; Foi lan\u00e7ado oficialmente pelo Prefeito de Alto Jequitib\u00e1 Daniel Guimar\u00e3es Sathler na tarde de s\u00e1bado (11\/06), no audit\u00f3rio da APCE (Associa\u00e7\u00e3o Presbiteriana Cultural e Educacional), o 1\u00ba Concurso Municipal de Qualidade do Caf\u00e9 de Alto Jequitib\u00e1. Durante o encontro foi apresentado o regulamento oficial e a data de premia\u00e7\u00e3o dos cinco melhores [&hellip;]<\/p>\n","protected":false},"author":2,"featured_media":0,"comment_status":"open","ping_status":"open","sticky":false,"template":"","format":"standard","meta":{"footnotes":""},"categories":[40],"tags":[],"class_list":["post-24059","post","type-post","status-publish","format-standard","hentry","category-altojequitiba-mg"],"_links":{"self":[{"href":"https:\/\/clickcarangola.com.br\/site\/wp-json\/wp\/v2\/posts\/24059","targetHints":{"allow":["GET"]}}],"collection":[{"href":"https:\/\/clickcarangola.com.br\/site\/wp-json\/wp\/v2\/posts"}],"about":[{"href":"https:\/\/clickcarangola.com.br\/site\/wp-json\/wp\/v2\/types\/post"}],"author":[{"embeddable":true,"href":"https:\/\/clickcarangola.com.br\/site\/wp-json\/wp\/v2\/users\/2"}],"replies":[{"embeddable":true,"href":"https:\/\/clickcarangola.com.br\/site\/wp-json\/wp\/v2\/comments?post=24059"}],"version-history":[{"count":6,"href":"https:\/\/clickcarangola.com.br\/site\/wp-json\/wp\/v2\/posts\/24059\/revisions"}],"predecessor-version":[{"id":24066,"href":"https:\/\/clickcarangola.com.br\/site\/wp-json\/wp\/v2\/posts\/24059\/revisions\/24066"}],"wp:attachment":[{"href":"https:\/\/clickcarangola.com.br\/site\/wp-json\/wp\/v2\/media?parent=24059"}],"wp:term":[{"taxonomy":"category","embeddable":true,"href":"https:\/\/clickcarangola.com.br\/site\/wp-json\/wp\/v2\/categories?post=24059"},{"taxonomy":"post_tag","embeddable":true,"href":"https:\/\/clickcarangola.com.br\/site\/wp-json\/wp\/v2\/tags?post=24059"}],"curies":[{"name":"wp","href":"https:\/\/api.w.org\/{rel}","templated":true}]}}