{"id":24090,"date":"2016-06-19T10:00:11","date_gmt":"2016-06-19T13:00:11","guid":{"rendered":"https:\/\/clickcarangola.com.br\/site\/?p=24090"},"modified":"2016-06-19T16:17:03","modified_gmt":"2016-06-19T19:17:03","slug":"fest-gospel-recebe-grande-publico-em-alto-caparao","status":"publish","type":"post","link":"https:\/\/clickcarangola.com.br\/site\/19\/06\/2016\/fest-gospel-recebe-grande-publico-em-alto-caparao\/","title":{"rendered":"Fest Gospel recebe grande p\u00fablico em Alto Capara\u00f3"},"content":{"rendered":"<p style=\"text-align: justify;\" align=\"left\"><span style=\"font-size: 13px; font-weight: normal; color: #888888;\"><img loading=\"lazy\" decoding=\"async\" class=\"size-full wp-image-24092 alignleft\" title=\"\" src=\"https:\/\/clickcarangola.com.br\/site\/wp-content\/uploads\/2016\/06\/Fest-Gospel-AC-2016-01.jpg\" alt=\"\" width=\"300\" height=\"226\" \/><span style=\"color: #888888;\">ALTO CAPARA\u00d3 &#8211; Acontece neste final de semana em Alto Capara\u00f3, o 12\u00ba Fest Gospel. O evento \u00e9 realizado pelas Igrejas Evang\u00e9licas de Alto Capara\u00f3, com o apoio da Prefeitura e da C\u00e2mara Municipal e teve como atra\u00e7\u00e3o principal a cantora N\u00edvea Soares, na noite deste s\u00e1bado (18\/06).<\/span><\/span><\/p>\n<p style=\"text-align: justify;\" align=\"left\"><span style=\"font-size: 13px; font-weight: normal; color: #888888;\">A abertura foi na sexta-feira (17), com o show de Leandro &amp; K\u00e9sia \u00e0s 20:30hs e depois Josu\u00e9 e Banda.<!--more--><\/span><\/p>\n<p style=\"text-align: justify;\" align=\"left\"><span style=\"font-size: 13px; font-weight: normal; color: #888888;\">No s\u00e1bado, a cantora N\u00edvea Soares louvou a Deus em Alto Capara\u00f3 na noite fria das montanhas. Mesmo assim, isso n\u00e3o espantou o p\u00fablico. Houve tamb\u00e9m a apresenta\u00e7\u00e3o do cantor Alexandre Barros com excelente p\u00fablico.<\/span><\/p>\n<p style=\"text-align: justify;\" align=\"left\"><strong><span style=\"font-size: 13px; color: #888888;\">Confira as imagens:<\/span><\/strong><\/p>\n<div class=\"mceTemp\">\n<dl id=\"\" class=\"wp-caption \" style=\"width: 410px;\">\n<dt class=\"wp-caption-dt\"><img loading=\"lazy\" decoding=\"async\" src=\"https:\/\/clickcarangola.com.br\/site\/wp-content\/uploads\/2016\/06\/Fest-Gospel-AC-2016-02.jpg\" alt=\"\" width=\"400\" height=\"300\" \/><img loading=\"lazy\" decoding=\"async\" style=\"text-align: justify;\" title=\"\" src=\"https:\/\/clickcarangola.com.br\/site\/wp-content\/uploads\/2016\/06\/Fest-Gospel-AC-2016-03.jpg\" alt=\"\" width=\"400\" height=\"300\" \/><img loading=\"lazy\" decoding=\"async\" style=\"text-align: justify;\" title=\"\" src=\"https:\/\/clickcarangola.com.br\/site\/wp-content\/uploads\/2016\/06\/Fest-Gospel-AC-2016-04.jpg\" alt=\"\" width=\"400\" height=\"300\" \/><img loading=\"lazy\" decoding=\"async\" style=\"text-align: justify;\" title=\"\" src=\"https:\/\/clickcarangola.com.br\/site\/wp-content\/uploads\/2016\/06\/Fest-Gospel-AC-2016-05.jpg\" alt=\"\" width=\"400\" height=\"300\" \/><img loading=\"lazy\" decoding=\"async\" style=\"text-align: justify;\" title=\"\" src=\"https:\/\/clickcarangola.com.br\/site\/wp-content\/uploads\/2016\/06\/Fest-Gospel-AC-2016-06.jpg\" alt=\"\" width=\"400\" height=\"300\" \/><img loading=\"lazy\" decoding=\"async\" style=\"text-align: justify;\" title=\"\" src=\"https:\/\/clickcarangola.com.br\/site\/wp-content\/uploads\/2016\/06\/Fest-Gospel-AC-2016-07.jpg\" alt=\"\" width=\"400\" height=\"300\" \/><img loading=\"lazy\" decoding=\"async\" style=\"text-align: justify;\" title=\"\" src=\"https:\/\/clickcarangola.com.br\/site\/wp-content\/uploads\/2016\/06\/Fest-Gospel-AC-2016-08.jpg\" alt=\"\" width=\"400\" height=\"300\" \/><img loading=\"lazy\" decoding=\"async\" style=\"text-align: justify;\" title=\"\" src=\"https:\/\/clickcarangola.com.br\/site\/wp-content\/uploads\/2016\/06\/Fest-Gospel-AC-2016-09.jpg\" alt=\"\" width=\"400\" height=\"300\" \/><img loading=\"lazy\" decoding=\"async\" style=\"text-align: justify;\" title=\"\" src=\"https:\/\/clickcarangola.com.br\/site\/wp-content\/uploads\/2016\/06\/Fest-Gospel-AC-2016-10.jpg\" alt=\"\" width=\"400\" height=\"300\" \/><img loading=\"lazy\" decoding=\"async\" style=\"text-align: justify;\" title=\"\" src=\"https:\/\/clickcarangola.com.br\/site\/wp-content\/uploads\/2016\/06\/Fest-Gospel-AC-2016-11.jpg\" alt=\"\" width=\"400\" height=\"300\" \/><img loading=\"lazy\" decoding=\"async\" style=\"text-align: justify;\" title=\"\" src=\"https:\/\/clickcarangola.com.br\/site\/wp-content\/uploads\/2016\/06\/Fest-Gospel-AC-2016-12.jpg\" alt=\"\" width=\"400\" height=\"300\" \/><img loading=\"lazy\" decoding=\"async\" style=\"text-align: justify;\" title=\"\" src=\"https:\/\/clickcarangola.com.br\/site\/wp-content\/uploads\/2016\/06\/Fest-Gospel-AC-2016-13.jpg\" alt=\"\" width=\"400\" height=\"300\" \/><img loading=\"lazy\" decoding=\"async\" style=\"text-align: justify;\" title=\"\" src=\"https:\/\/clickcarangola.com.br\/site\/wp-content\/uploads\/2016\/06\/Fest-Gospel-AC-2016-14.jpg\" alt=\"\" width=\"400\" height=\"300\" \/><img loading=\"lazy\" decoding=\"async\" style=\"text-align: justify;\" title=\"\" src=\"https:\/\/clickcarangola.com.br\/site\/wp-content\/uploads\/2016\/06\/Fest-Gospel-AC-2016-15.jpg\" alt=\"\" width=\"400\" height=\"300\" \/><img loading=\"lazy\" decoding=\"async\" style=\"text-align: justify;\" title=\"\" src=\"https:\/\/clickcarangola.com.br\/site\/wp-content\/uploads\/2016\/06\/Fest-Gospel-AC-2016-16.jpg\" alt=\"\" width=\"400\" height=\"300\" \/><\/dt>\n<\/dl>\n<\/div>\n<p style=\"text-align: justify;\" align=\"left\"><span style=\"font-size: 13px; font-weight: normal; color: #888888;\"><strong>Por: Click Carangola<\/strong> | Com informa\u00e7\u00f5es Lovantino News.<\/span><\/p>\n","protected":false},"excerpt":{"rendered":"<p>ALTO CAPARA\u00d3 &#8211; Acontece neste final de semana em Alto Capara\u00f3, o 12\u00ba Fest Gospel. O evento \u00e9 realizado pelas Igrejas Evang\u00e9licas de Alto Capara\u00f3, com o apoio da Prefeitura e da C\u00e2mara Municipal e teve como atra\u00e7\u00e3o principal a cantora N\u00edvea Soares, na noite deste s\u00e1bado (18\/06). A abertura foi na sexta-feira (17), com [&hellip;]<\/p>\n","protected":false},"author":2,"featured_media":0,"comment_status":"open","ping_status":"open","sticky":false,"template":"","format":"standard","meta":{"footnotes":""},"categories":[39],"tags":[],"class_list":["post-24090","post","type-post","status-publish","format-standard","hentry","category-altocaparao-mg"],"_links":{"self":[{"href":"https:\/\/clickcarangola.com.br\/site\/wp-json\/wp\/v2\/posts\/24090","targetHints":{"allow":["GET"]}}],"collection":[{"href":"https:\/\/clickcarangola.com.br\/site\/wp-json\/wp\/v2\/posts"}],"about":[{"href":"https:\/\/clickcarangola.com.br\/site\/wp-json\/wp\/v2\/types\/post"}],"author":[{"embeddable":true,"href":"https:\/\/clickcarangola.com.br\/site\/wp-json\/wp\/v2\/users\/2"}],"replies":[{"embeddable":true,"href":"https:\/\/clickcarangola.com.br\/site\/wp-json\/wp\/v2\/comments?post=24090"}],"version-history":[{"count":7,"href":"https:\/\/clickcarangola.com.br\/site\/wp-json\/wp\/v2\/posts\/24090\/revisions"}],"predecessor-version":[{"id":24108,"href":"https:\/\/clickcarangola.com.br\/site\/wp-json\/wp\/v2\/posts\/24090\/revisions\/24108"}],"wp:attachment":[{"href":"https:\/\/clickcarangola.com.br\/site\/wp-json\/wp\/v2\/media?parent=24090"}],"wp:term":[{"taxonomy":"category","embeddable":true,"href":"https:\/\/clickcarangola.com.br\/site\/wp-json\/wp\/v2\/categories?post=24090"},{"taxonomy":"post_tag","embeddable":true,"href":"https:\/\/clickcarangola.com.br\/site\/wp-json\/wp\/v2\/tags?post=24090"}],"curies":[{"name":"wp","href":"https:\/\/api.w.org\/{rel}","templated":true}]}}