{"id":24477,"date":"2016-07-05T08:00:16","date_gmt":"2016-07-05T11:00:16","guid":{"rendered":"https:\/\/clickcarangola.com.br\/site\/?p=24477"},"modified":"2016-07-07T13:42:48","modified_gmt":"2016-07-07T16:42:48","slug":"arma-apreendida-em-caiana","status":"publish","type":"post","link":"https:\/\/clickcarangola.com.br\/site\/05\/07\/2016\/arma-apreendida-em-caiana\/","title":{"rendered":"Arma apreendida em Caiana"},"content":{"rendered":"<p style=\"text-align: justify;\"><span style=\"color: #888888;\"><img loading=\"lazy\" decoding=\"async\" class=\"size-full wp-image-24478 alignleft\" title=\"\" src=\"https:\/\/clickcarangola.com.br\/site\/wp-content\/uploads\/2016\/07\/Arma-em-Caiana.jpg\" alt=\"\" width=\"300\" height=\"226\" srcset=\"https:\/\/clickcarangola.com.br\/site\/wp-content\/uploads\/2016\/07\/Arma-em-Caiana.jpg 1280w, https:\/\/clickcarangola.com.br\/site\/wp-content\/uploads\/2016\/07\/Arma-em-Caiana-300x225.jpg 300w, https:\/\/clickcarangola.com.br\/site\/wp-content\/uploads\/2016\/07\/Arma-em-Caiana-1024x768.jpg 1024w, https:\/\/clickcarangola.com.br\/site\/wp-content\/uploads\/2016\/07\/Arma-em-Caiana-100x75.jpg 100w\" sizes=\"auto, (max-width: 300px) 100vw, 300px\" \/>CAIANA &#8211; Equipe do 2\u00ba Grupamento de Pol\u00edcia Ambiental de Alto Capara\u00f3 compareceu a uma propriedade rural no C\u00f3rrego Santa Cruz, zona rural de Caiana, em atendimento a den\u00fancia dando conta que o autor possu\u00eda arma de fogo irregular.<\/span><\/p>\n<p style=\"text-align: justify;\"><span style=\"color: #888888;\">Ap\u00f3s ser realizado contato\u00a0com o morador e informado sobre o teor da den\u00fancia, ele admitiu possuir uma arma de fogo e entregou a espingarda calibre .22, em um curral nas proximidades da resid\u00eancia, envolta em um saco pl\u00e1stico.<!--more--><\/span><\/p>\n<p style=\"text-align: justify;\"><span style=\"color: #888888;\">Foi entregue tamb\u00e9m um recipiente com 48 cartuchos intactos calibre 22.<\/span><\/p>\n<p style=\"text-align: justify;\"><span style=\"color: #888888;\">O homem foi conduzido com o material apreendido e autuado por posse ilegal de arma de fogo.<\/span><\/p>\n<p style=\"text-align: justify;\"><span style=\"color: #888888;\">A ocorr\u00eancia foi registrada pelo Sargento Amaral, Cabo Ladsmar e Cabo Wernerck.<\/span><\/p>\n<p style=\"text-align: justify;\"><span style=\"color: #888888;\"><strong>Por: Click Carangola <\/strong>| Com informa\u00e7\u00f5es da PM.<\/span><\/p>\n","protected":false},"excerpt":{"rendered":"<p>CAIANA &#8211; Equipe do 2\u00ba Grupamento de Pol\u00edcia Ambiental de Alto Capara\u00f3 compareceu a uma propriedade rural no C\u00f3rrego Santa Cruz, zona rural de Caiana, em atendimento a den\u00fancia dando conta que o autor possu\u00eda arma de fogo irregular. Ap\u00f3s ser realizado contato\u00a0com o morador e informado sobre o teor da den\u00fancia, ele admitiu possuir [&hellip;]<\/p>\n","protected":false},"author":2,"featured_media":0,"comment_status":"open","ping_status":"open","sticky":false,"template":"","format":"standard","meta":{"footnotes":""},"categories":[41],"tags":[],"class_list":["post-24477","post","type-post","status-publish","format-standard","hentry","category-caiana-mg"],"_links":{"self":[{"href":"https:\/\/clickcarangola.com.br\/site\/wp-json\/wp\/v2\/posts\/24477","targetHints":{"allow":["GET"]}}],"collection":[{"href":"https:\/\/clickcarangola.com.br\/site\/wp-json\/wp\/v2\/posts"}],"about":[{"href":"https:\/\/clickcarangola.com.br\/site\/wp-json\/wp\/v2\/types\/post"}],"author":[{"embeddable":true,"href":"https:\/\/clickcarangola.com.br\/site\/wp-json\/wp\/v2\/users\/2"}],"replies":[{"embeddable":true,"href":"https:\/\/clickcarangola.com.br\/site\/wp-json\/wp\/v2\/comments?post=24477"}],"version-history":[{"count":3,"href":"https:\/\/clickcarangola.com.br\/site\/wp-json\/wp\/v2\/posts\/24477\/revisions"}],"predecessor-version":[{"id":24481,"href":"https:\/\/clickcarangola.com.br\/site\/wp-json\/wp\/v2\/posts\/24477\/revisions\/24481"}],"wp:attachment":[{"href":"https:\/\/clickcarangola.com.br\/site\/wp-json\/wp\/v2\/media?parent=24477"}],"wp:term":[{"taxonomy":"category","embeddable":true,"href":"https:\/\/clickcarangola.com.br\/site\/wp-json\/wp\/v2\/categories?post=24477"},{"taxonomy":"post_tag","embeddable":true,"href":"https:\/\/clickcarangola.com.br\/site\/wp-json\/wp\/v2\/tags?post=24477"}],"curies":[{"name":"wp","href":"https:\/\/api.w.org\/{rel}","templated":true}]}}