{"id":25174,"date":"2016-08-28T07:30:13","date_gmt":"2016-08-28T10:30:13","guid":{"rendered":"https:\/\/clickcarangola.com.br\/site\/?p=25174"},"modified":"2016-08-29T16:36:15","modified_gmt":"2016-08-29T19:36:15","slug":"bombeiros-socorrem-motociclista-com-fraturas","status":"publish","type":"post","link":"https:\/\/clickcarangola.com.br\/site\/28\/08\/2016\/bombeiros-socorrem-motociclista-com-fraturas\/","title":{"rendered":"Bombeiros socorrem motociclista com fraturas"},"content":{"rendered":"<p style=\"text-align: justify;\"><span style=\"color: #888888;\"><img loading=\"lazy\" decoding=\"async\" class=\"size-full wp-image-25175 alignleft\" title=\"\" src=\"https:\/\/clickcarangola.com.br\/site\/wp-content\/uploads\/2016\/08\/Bombeiros-socorrem.jpg\" alt=\"\" width=\"300\" height=\"226\" \/>ORIZ\u00c2NIA &#8211; O Corpo de Bombeiros de Manhua\u00e7u socorreu o motociclista Marcos Ant\u00f4nio Viana, de 32 anos, num acidente envolvendo a moto dele e uma carreta no km 616 da BR-116, no c\u00f3rrego dos Dornelas, em Oriz\u00e2nia, na noite de s\u00e1bado (27\/08).<\/span><\/p>\n<p style=\"text-align: justify;\"><span style=\"color: #888888;\">A equipe do Corpo de Bombeiros socorreu Marcos Viana com m\u00faltiplas les\u00f5es e inconsciente. Ele recebeu atendimento inicial de uma equipe da ambul\u00e2ncia da cidade de S\u00e3o Jo\u00e3o do Manhua\u00e7u.<!--more--><\/span><\/p>\n<p style=\"text-align: justify;\"><span style=\"color: #888888;\">A v\u00edtima foi imobilizada e conduzida para a Unidade de Pronto Atendimento (UPA) de Manhua\u00e7u.<\/span><\/p>\n<p style=\"text-align: justify;\"><span style=\"color: #888888;\">A Pol\u00edcia Rodovi\u00e1ria Federal de Muria\u00e9 foi acionada para o registro do acidente.<\/span><\/p>\n<p style=\"text-align: justify;\"><span style=\"color: #888888;\"><strong>Por: Click Carangola <\/strong>| Com informa\u00e7\u00f5es do CB e Portal Capara\u00f3.<\/span><\/p>\n","protected":false},"excerpt":{"rendered":"<p>ORIZ\u00c2NIA &#8211; O Corpo de Bombeiros de Manhua\u00e7u socorreu o motociclista Marcos Ant\u00f4nio Viana, de 32 anos, num acidente envolvendo a moto dele e uma carreta no km 616 da BR-116, no c\u00f3rrego dos Dornelas, em Oriz\u00e2nia, na noite de s\u00e1bado (27\/08). A equipe do Corpo de Bombeiros socorreu Marcos Viana com m\u00faltiplas les\u00f5es e [&hellip;]<\/p>\n","protected":false},"author":2,"featured_media":0,"comment_status":"open","ping_status":"open","sticky":false,"template":"","format":"standard","meta":{"footnotes":""},"categories":[53],"tags":[],"class_list":["post-25174","post","type-post","status-publish","format-standard","hentry","category-orizania-mg"],"_links":{"self":[{"href":"https:\/\/clickcarangola.com.br\/site\/wp-json\/wp\/v2\/posts\/25174","targetHints":{"allow":["GET"]}}],"collection":[{"href":"https:\/\/clickcarangola.com.br\/site\/wp-json\/wp\/v2\/posts"}],"about":[{"href":"https:\/\/clickcarangola.com.br\/site\/wp-json\/wp\/v2\/types\/post"}],"author":[{"embeddable":true,"href":"https:\/\/clickcarangola.com.br\/site\/wp-json\/wp\/v2\/users\/2"}],"replies":[{"embeddable":true,"href":"https:\/\/clickcarangola.com.br\/site\/wp-json\/wp\/v2\/comments?post=25174"}],"version-history":[{"count":3,"href":"https:\/\/clickcarangola.com.br\/site\/wp-json\/wp\/v2\/posts\/25174\/revisions"}],"predecessor-version":[{"id":25177,"href":"https:\/\/clickcarangola.com.br\/site\/wp-json\/wp\/v2\/posts\/25174\/revisions\/25177"}],"wp:attachment":[{"href":"https:\/\/clickcarangola.com.br\/site\/wp-json\/wp\/v2\/media?parent=25174"}],"wp:term":[{"taxonomy":"category","embeddable":true,"href":"https:\/\/clickcarangola.com.br\/site\/wp-json\/wp\/v2\/categories?post=25174"},{"taxonomy":"post_tag","embeddable":true,"href":"https:\/\/clickcarangola.com.br\/site\/wp-json\/wp\/v2\/tags?post=25174"}],"curies":[{"name":"wp","href":"https:\/\/api.w.org\/{rel}","templated":true}]}}