{"id":25239,"date":"2016-09-02T09:00:11","date_gmt":"2016-09-02T12:00:11","guid":{"rendered":"https:\/\/clickcarangola.com.br\/site\/?p=25239"},"modified":"2016-09-02T18:09:44","modified_gmt":"2016-09-02T21:09:44","slug":"pm-apreende-arma-de-cacador","status":"publish","type":"post","link":"https:\/\/clickcarangola.com.br\/site\/02\/09\/2016\/pm-apreende-arma-de-cacador\/","title":{"rendered":"PM apreende arma de ca\u00e7ador"},"content":{"rendered":"<p style=\"text-align: justify;\"><span style=\"color: #888888;\"><img loading=\"lazy\" decoding=\"async\" class=\"size-full wp-image-25241 alignleft\" title=\"\" src=\"https:\/\/clickcarangola.com.br\/site\/wp-content\/uploads\/2016\/09\/Not\u00edcia-policial-02-09.jpg\" alt=\"\" width=\"300\" height=\"226\" \/>ALTO JEQUITIB\u00c1 &#8211; Uma espingarda foi apreendida numa mata no c\u00f3rrego Taquara Preta, na zona rural de Alto Jequitib\u00e1, na tarde de domingo (28\/08).<\/span><\/p>\n<p style=\"text-align: justify;\"><span style=\"color: #888888;\">Durante patrulhamento ambiental pela zona rural de Alto Jequitib\u00e1, a equipe do 2\u00ba Grupamento da PM de Meio Ambiente de Alto Capara\u00f3, foi procurada por um agricultor, informando que pr\u00f3ximo a lavoura de caf\u00e9 em sua propriedade, havia algo embrulhado num saco pl\u00e1stico escondido numa mata.<!--more--><\/span><\/p>\n<p style=\"text-align: justify;\"><span style=\"color: #888888;\">De imediato os policiais se deslocaram at\u00e9 ao local e encontraram uma espingarda polveira de fabrica\u00e7\u00e3o artesanal dentro de um saco pl\u00e1stico que estava escondida entre as folhas e ramos secos, que possivelmente seria de algum ca\u00e7ador, tendo em vista que na localidade h\u00e1 ind\u00edcios de pr\u00e1tica de ca\u00e7a de animais da fauna silvestre.<\/span><\/p>\n<p style=\"text-align: justify;\"><span style=\"color: #888888;\">A arma foi apreendida e encaminhada para a Delegacia de Pol\u00edcia Civil de Manhumirim.<\/span><\/p>\n<p style=\"text-align: justify;\"><span style=\"color: #888888;\"><strong>Por: Click Carangola <\/strong>| Com informa\u00e7\u00f5es da PM e Portal Capara\u00f3.<\/span><\/p>\n","protected":false},"excerpt":{"rendered":"<p>ALTO JEQUITIB\u00c1 &#8211; Uma espingarda foi apreendida numa mata no c\u00f3rrego Taquara Preta, na zona rural de Alto Jequitib\u00e1, na tarde de domingo (28\/08). Durante patrulhamento ambiental pela zona rural de Alto Jequitib\u00e1, a equipe do 2\u00ba Grupamento da PM de Meio Ambiente de Alto Capara\u00f3, foi procurada por um agricultor, informando que pr\u00f3ximo a [&hellip;]<\/p>\n","protected":false},"author":2,"featured_media":0,"comment_status":"open","ping_status":"open","sticky":false,"template":"","format":"standard","meta":{"footnotes":""},"categories":[40],"tags":[],"class_list":["post-25239","post","type-post","status-publish","format-standard","hentry","category-altojequitiba-mg"],"_links":{"self":[{"href":"https:\/\/clickcarangola.com.br\/site\/wp-json\/wp\/v2\/posts\/25239","targetHints":{"allow":["GET"]}}],"collection":[{"href":"https:\/\/clickcarangola.com.br\/site\/wp-json\/wp\/v2\/posts"}],"about":[{"href":"https:\/\/clickcarangola.com.br\/site\/wp-json\/wp\/v2\/types\/post"}],"author":[{"embeddable":true,"href":"https:\/\/clickcarangola.com.br\/site\/wp-json\/wp\/v2\/users\/2"}],"replies":[{"embeddable":true,"href":"https:\/\/clickcarangola.com.br\/site\/wp-json\/wp\/v2\/comments?post=25239"}],"version-history":[{"count":5,"href":"https:\/\/clickcarangola.com.br\/site\/wp-json\/wp\/v2\/posts\/25239\/revisions"}],"predecessor-version":[{"id":25242,"href":"https:\/\/clickcarangola.com.br\/site\/wp-json\/wp\/v2\/posts\/25239\/revisions\/25242"}],"wp:attachment":[{"href":"https:\/\/clickcarangola.com.br\/site\/wp-json\/wp\/v2\/media?parent=25239"}],"wp:term":[{"taxonomy":"category","embeddable":true,"href":"https:\/\/clickcarangola.com.br\/site\/wp-json\/wp\/v2\/categories?post=25239"},{"taxonomy":"post_tag","embeddable":true,"href":"https:\/\/clickcarangola.com.br\/site\/wp-json\/wp\/v2\/tags?post=25239"}],"curies":[{"name":"wp","href":"https:\/\/api.w.org\/{rel}","templated":true}]}}