{"id":25746,"date":"2016-09-29T09:00:13","date_gmt":"2016-09-29T12:00:13","guid":{"rendered":"https:\/\/clickcarangola.com.br\/site\/?p=25746"},"modified":"2016-09-29T12:41:33","modified_gmt":"2016-09-29T15:41:33","slug":"medica-de-manhuacu-sofre-acidente-na-br-116","status":"publish","type":"post","link":"https:\/\/clickcarangola.com.br\/site\/29\/09\/2016\/medica-de-manhuacu-sofre-acidente-na-br-116\/","title":{"rendered":"M\u00e9dica de Manhua\u00e7u sofre acidente na BR-116"},"content":{"rendered":"<p style=\"text-align: justify;\"><span style=\"color: #888888;\"><img loading=\"lazy\" decoding=\"async\" class=\"size-full wp-image-25747 alignleft\" title=\"\" src=\"https:\/\/clickcarangola.com.br\/site\/wp-content\/uploads\/2016\/09\/M\u00e9dica-Sylvia-01.jpg\" alt=\"\" width=\"300\" height=\"226\" \/>ORIZ\u00c2NIA &#8211; A m\u00e9dica manhua\u00e7uense Sylvia Carvalho Prata sofreu um grave acidente na manh\u00e3 desta quarta-feira (28\/09), no km 620 da BR-116, pr\u00f3ximo a Oriz\u00e2nia.<\/span><\/p>\n<p style=\"text-align: justify;\"><span style=\"color: #888888;\">De acordo com as informa\u00e7\u00f5es iniciais, a Pol\u00edcia Rodovi\u00e1ria Federal verificou que a m\u00e9dica seguia num Corsa Classic, no sentido Manhua\u00e7u para Carangola.<\/span><!--more--><\/p>\n<p style=\"text-align: justify;\"><span style=\"color: #888888;\">Ao tentar desviar de um caminh\u00e3o azul, que seguia em baixa velocidade, a motorista freou, perdeu o controle da dire\u00e7\u00e3o e invadiu a contram\u00e3o, capotando em seguida.<\/span><\/p>\n<p style=\"text-align: justify;\"><span style=\"color: #888888;\">O caminh\u00e3o n\u00e3o parou e n\u00e3o foi identificado. Sylvia foi socorrida com ferimentos e encaminhada para o hospital. N\u00e3o foi detalhado o estado cl\u00ednico dela. <\/span><\/p>\n<p style=\"text-align: justify;\"><strong><span style=\"color: #888888;\">Confira as imagens:<\/span><\/strong><\/p>\n<div class=\"mceTemp\">\n<dl id=\"\" class=\"wp-caption \" style=\"width: 410px;\">\n<dt class=\"wp-caption-dt\"><img loading=\"lazy\" decoding=\"async\" src=\"https:\/\/clickcarangola.com.br\/site\/wp-content\/uploads\/2016\/09\/M\u00e9dica-Sylvia-02.jpg\" alt=\"\" width=\"400\" height=\"300\" \/><\/dt>\n<\/dl>\n<\/div>\n<p><span style=\"color: #888888;\"><strong>Por: Click Carangola<\/strong> | Com informa\u00e7\u00f5es da PRF e Portal Capara\u00f3.<\/span><\/p>\n","protected":false},"excerpt":{"rendered":"<p>ORIZ\u00c2NIA &#8211; A m\u00e9dica manhua\u00e7uense Sylvia Carvalho Prata sofreu um grave acidente na manh\u00e3 desta quarta-feira (28\/09), no km 620 da BR-116, pr\u00f3ximo a Oriz\u00e2nia. De acordo com as informa\u00e7\u00f5es iniciais, a Pol\u00edcia Rodovi\u00e1ria Federal verificou que a m\u00e9dica seguia num Corsa Classic, no sentido Manhua\u00e7u para Carangola.<\/p>\n","protected":false},"author":2,"featured_media":0,"comment_status":"open","ping_status":"open","sticky":false,"template":"","format":"standard","meta":{"footnotes":""},"categories":[53],"tags":[],"class_list":["post-25746","post","type-post","status-publish","format-standard","hentry","category-orizania-mg"],"_links":{"self":[{"href":"https:\/\/clickcarangola.com.br\/site\/wp-json\/wp\/v2\/posts\/25746","targetHints":{"allow":["GET"]}}],"collection":[{"href":"https:\/\/clickcarangola.com.br\/site\/wp-json\/wp\/v2\/posts"}],"about":[{"href":"https:\/\/clickcarangola.com.br\/site\/wp-json\/wp\/v2\/types\/post"}],"author":[{"embeddable":true,"href":"https:\/\/clickcarangola.com.br\/site\/wp-json\/wp\/v2\/users\/2"}],"replies":[{"embeddable":true,"href":"https:\/\/clickcarangola.com.br\/site\/wp-json\/wp\/v2\/comments?post=25746"}],"version-history":[{"count":4,"href":"https:\/\/clickcarangola.com.br\/site\/wp-json\/wp\/v2\/posts\/25746\/revisions"}],"predecessor-version":[{"id":25752,"href":"https:\/\/clickcarangola.com.br\/site\/wp-json\/wp\/v2\/posts\/25746\/revisions\/25752"}],"wp:attachment":[{"href":"https:\/\/clickcarangola.com.br\/site\/wp-json\/wp\/v2\/media?parent=25746"}],"wp:term":[{"taxonomy":"category","embeddable":true,"href":"https:\/\/clickcarangola.com.br\/site\/wp-json\/wp\/v2\/categories?post=25746"},{"taxonomy":"post_tag","embeddable":true,"href":"https:\/\/clickcarangola.com.br\/site\/wp-json\/wp\/v2\/tags?post=25746"}],"curies":[{"name":"wp","href":"https:\/\/api.w.org\/{rel}","templated":true}]}}