{"id":25899,"date":"2016-10-02T20:01:23","date_gmt":"2016-10-02T23:01:23","guid":{"rendered":"https:\/\/clickcarangola.com.br\/site\/?p=25899"},"modified":"2016-10-03T17:02:20","modified_gmt":"2016-10-03T20:02:20","slug":"tugueis-e-eleito-o-novo-prefeito-de-alto-jequitiba","status":"publish","type":"post","link":"https:\/\/clickcarangola.com.br\/site\/02\/10\/2016\/tugueis-e-eleito-o-novo-prefeito-de-alto-jequitiba\/","title":{"rendered":"Tugueis \u00e9 eleito o novo prefeito de Alto Jequitib\u00e1"},"content":{"rendered":"<p style=\"text-align: justify;\"><span style=\"color: #888888;\"><img loading=\"lazy\" decoding=\"async\" class=\"size-full wp-image-25900 alignleft\" title=\"\" src=\"https:\/\/clickcarangola.com.br\/site\/wp-content\/uploads\/2016\/10\/Elei\u00e7\u00f5es-2016-Alto-Jequitib\u00e1.jpg\" alt=\"\" width=\"200\" height=\"150\" \/>ALTO JEQUITIB\u00c1 &#8211; O candidato<strong>\u00a0Tugueis (PTB)<\/strong>\u00a0venceu a disputa pela prefeitura de Alto Jequitib\u00e1 (MG), com 74,90% (3.718) dos votos v\u00e1lidos. Valdiaci de Oliveira\u00a0(DEM) ficou em segundo lugar, com 25,10% (1.246) dos votos v\u00e1lidos. 100% das urnas j\u00e1 foram apuradas.<\/span><\/p>\n<p style=\"text-align: justify;\"><span style=\"color: #888888;\">5.852 eleitores foram \u00e0s urnas e elegeram os seguintes vereadores:<img decoding=\"async\" title=\"Mais...\" src=\"https:\/\/clickcarangola.com.br\/site\/wp-includes\/js\/tinymce\/plugins\/wordpress\/img\/trans.gif\" alt=\"\" \/><!--more--><\/span><\/p>\n<p style=\"text-align: justify;\"><span style=\"color: #888888;\"><strong>Ailton da Mercearia (PDT)<\/strong> com 7,83% &#8211; 434 votos,\u00a0<strong>Ci da Kombi (PP)<\/strong> com 5,59% &#8211; 310 votos,\u00a0<strong>Ednezio Horsth (PDT)<\/strong> com 5,40% &#8211; 299 votos,\u00a0<strong>Eliel Tavares (PP)<\/strong> com 4,93% &#8211; 273 votos,\u00a0<strong>Alessandro Louzada (PDT)<\/strong> com 4,37% &#8211; 242 votos,\u00a0<strong>Antonio Fonseca (PTB)<\/strong> com 4,13% &#8211; 229 votos,\u00a0<strong>Dr. Mauro (PT do B)<\/strong> com 3,95% &#8211; 219 votos,\u00a0<strong>Sandro Cowboy (PR)<\/strong> com 3,45% &#8211; 191 votos e\u00a0<strong>Andre Heringer (PSDB)<\/strong> com 2,65% &#8211; 147 votos.<\/span><\/p>\n<p style=\"text-align: justify;\"><span style=\"color: #888888;\"><strong>Elei\u00e7\u00f5es 2016 &#8211; Voc\u00ea decide no Click Carangola!<\/strong><\/span><\/p>\n","protected":false},"excerpt":{"rendered":"<p>ALTO JEQUITIB\u00c1 &#8211; O candidato\u00a0Tugueis (PTB)\u00a0venceu a disputa pela prefeitura de Alto Jequitib\u00e1 (MG), com 74,90% (3.718) dos votos v\u00e1lidos. Valdiaci de Oliveira\u00a0(DEM) ficou em segundo lugar, com 25,10% (1.246) dos votos v\u00e1lidos. 100% das urnas j\u00e1 foram apuradas. 5.852 eleitores foram \u00e0s urnas e elegeram os seguintes vereadores:<\/p>\n","protected":false},"author":2,"featured_media":0,"comment_status":"open","ping_status":"open","sticky":false,"template":"","format":"standard","meta":{"footnotes":""},"categories":[40],"tags":[],"class_list":["post-25899","post","type-post","status-publish","format-standard","hentry","category-altojequitiba-mg"],"_links":{"self":[{"href":"https:\/\/clickcarangola.com.br\/site\/wp-json\/wp\/v2\/posts\/25899","targetHints":{"allow":["GET"]}}],"collection":[{"href":"https:\/\/clickcarangola.com.br\/site\/wp-json\/wp\/v2\/posts"}],"about":[{"href":"https:\/\/clickcarangola.com.br\/site\/wp-json\/wp\/v2\/types\/post"}],"author":[{"embeddable":true,"href":"https:\/\/clickcarangola.com.br\/site\/wp-json\/wp\/v2\/users\/2"}],"replies":[{"embeddable":true,"href":"https:\/\/clickcarangola.com.br\/site\/wp-json\/wp\/v2\/comments?post=25899"}],"version-history":[{"count":5,"href":"https:\/\/clickcarangola.com.br\/site\/wp-json\/wp\/v2\/posts\/25899\/revisions"}],"predecessor-version":[{"id":25902,"href":"https:\/\/clickcarangola.com.br\/site\/wp-json\/wp\/v2\/posts\/25899\/revisions\/25902"}],"wp:attachment":[{"href":"https:\/\/clickcarangola.com.br\/site\/wp-json\/wp\/v2\/media?parent=25899"}],"wp:term":[{"taxonomy":"category","embeddable":true,"href":"https:\/\/clickcarangola.com.br\/site\/wp-json\/wp\/v2\/categories?post=25899"},{"taxonomy":"post_tag","embeddable":true,"href":"https:\/\/clickcarangola.com.br\/site\/wp-json\/wp\/v2\/tags?post=25899"}],"curies":[{"name":"wp","href":"https:\/\/api.w.org\/{rel}","templated":true}]}}