{"id":26065,"date":"2016-10-08T07:00:07","date_gmt":"2016-10-08T10:00:07","guid":{"rendered":"https:\/\/clickcarangola.com.br\/site\/?p=26065"},"modified":"2016-10-10T11:56:59","modified_gmt":"2016-10-10T14:56:59","slug":"carro-e-incendiado-em-garagem","status":"publish","type":"post","link":"https:\/\/clickcarangola.com.br\/site\/08\/10\/2016\/carro-e-incendiado-em-garagem\/","title":{"rendered":"Carro \u00e9 incendiado em garagem"},"content":{"rendered":"<p style=\"text-align: justify;\"><span style=\"color: #888888;\"><img loading=\"lazy\" decoding=\"async\" class=\"size-full wp-image-26068 alignleft\" title=\"\" src=\"https:\/\/clickcarangola.com.br\/site\/wp-content\/uploads\/2016\/10\/Carro-\u00e9-incendiado-01.jpg\" alt=\"\" width=\"300\" height=\"226\" \/>PEDRA BONITA &#8211; Criminosos invadiram a casa do Pastor Evadir Alves J\u00fanior, no Centro de Pedra Bonita, e atearam fogo no carro dele, em sua garagem, por volta de 3 horas de quarta-feira (05\/10).<\/span><\/p>\n<p style=\"text-align: justify;\"><span style=\"color: #888888;\">Ele foi acordado por vizinhos que alertaram que o ve\u00edculo, um Novo Voyage, estava em chamas. Com ajuda da vizinhan\u00e7a, as chamas foram contidas.<!--more--><\/span><\/p>\n<p style=\"text-align: justify;\"><span style=\"color: #888888;\">A Pol\u00edcia Militar foi chamada e registrou a ocorr\u00eancia e os danos causados no ve\u00edculo.<\/span><\/p>\n<p style=\"text-align: justify;\"><span style=\"color: #888888;\">Apesar das investiga\u00e7\u00f5es ainda estarem em andamento, o crime pode ter motiva\u00e7\u00e3o pol\u00edtica. Eleitores de um grupo usaram as redes sociais para insultar e agredir o pastor por ter apoiado determinado candidato na elei\u00e7\u00e3o do \u00faltimo domingo, prejudicando assim o desempenho do outro, que perdeu por 54 votos.<\/span><\/p>\n<p style=\"text-align: justify;\"><span style=\"color: #888888;\">O ve\u00edculo foi encaminhado para o p\u00e1tio credenciado. A ocorr\u00eancia foi remetida para a delegacia de Pol\u00edcia Civil.<\/span><\/p>\n<p style=\"text-align: justify;\"><span style=\"color: #888888;\"><strong>Confira as imagens:<\/strong><\/span><\/p>\n<div class=\"mceTemp\">\n<dl id=\"\" class=\"wp-caption \" style=\"width: 410px;\">\n<dt class=\"wp-caption-dt\"><img loading=\"lazy\" decoding=\"async\" src=\"https:\/\/clickcarangola.com.br\/site\/wp-content\/uploads\/2016\/10\/Carro-\u00e9-incendiado-02.jpg\" alt=\"\" width=\"400\" height=\"300\" \/><img loading=\"lazy\" decoding=\"async\" style=\"text-align: justify;\" title=\"\" src=\"https:\/\/clickcarangola.com.br\/site\/wp-content\/uploads\/2016\/10\/Carro-\u00e9-incendiado-03.jpg\" alt=\"\" width=\"400\" height=\"300\" \/><img loading=\"lazy\" decoding=\"async\" style=\"text-align: justify;\" title=\"\" src=\"https:\/\/clickcarangola.com.br\/site\/wp-content\/uploads\/2016\/10\/Carro-\u00e9-incendiado-04.jpg\" alt=\"\" width=\"400\" height=\"300\" \/><\/dt>\n<\/dl>\n<\/div>\n<p><span style=\"color: #888888;\"><strong>Por: Click Carangola<\/strong> | Com informa\u00e7\u00f5es da PM e Portal Capara\u00f3.<\/span><\/p>\n","protected":false},"excerpt":{"rendered":"<p>PEDRA BONITA &#8211; Criminosos invadiram a casa do Pastor Evadir Alves J\u00fanior, no Centro de Pedra Bonita, e atearam fogo no carro dele, em sua garagem, por volta de 3 horas de quarta-feira (05\/10). Ele foi acordado por vizinhos que alertaram que o ve\u00edculo, um Novo Voyage, estava em chamas. Com ajuda da vizinhan\u00e7a, as [&hellip;]<\/p>\n","protected":false},"author":2,"featured_media":0,"comment_status":"open","ping_status":"open","sticky":false,"template":"","format":"standard","meta":{"footnotes":""},"categories":[87],"tags":[],"class_list":["post-26065","post","type-post","status-publish","format-standard","hentry","category-pedrabonita-mg"],"_links":{"self":[{"href":"https:\/\/clickcarangola.com.br\/site\/wp-json\/wp\/v2\/posts\/26065","targetHints":{"allow":["GET"]}}],"collection":[{"href":"https:\/\/clickcarangola.com.br\/site\/wp-json\/wp\/v2\/posts"}],"about":[{"href":"https:\/\/clickcarangola.com.br\/site\/wp-json\/wp\/v2\/types\/post"}],"author":[{"embeddable":true,"href":"https:\/\/clickcarangola.com.br\/site\/wp-json\/wp\/v2\/users\/2"}],"replies":[{"embeddable":true,"href":"https:\/\/clickcarangola.com.br\/site\/wp-json\/wp\/v2\/comments?post=26065"}],"version-history":[{"count":3,"href":"https:\/\/clickcarangola.com.br\/site\/wp-json\/wp\/v2\/posts\/26065\/revisions"}],"predecessor-version":[{"id":26067,"href":"https:\/\/clickcarangola.com.br\/site\/wp-json\/wp\/v2\/posts\/26065\/revisions\/26067"}],"wp:attachment":[{"href":"https:\/\/clickcarangola.com.br\/site\/wp-json\/wp\/v2\/media?parent=26065"}],"wp:term":[{"taxonomy":"category","embeddable":true,"href":"https:\/\/clickcarangola.com.br\/site\/wp-json\/wp\/v2\/categories?post=26065"},{"taxonomy":"post_tag","embeddable":true,"href":"https:\/\/clickcarangola.com.br\/site\/wp-json\/wp\/v2\/tags?post=26065"}],"curies":[{"name":"wp","href":"https:\/\/api.w.org\/{rel}","templated":true}]}}