{"id":2635,"date":"2011-12-09T19:00:52","date_gmt":"2011-12-09T22:00:52","guid":{"rendered":"https:\/\/clickcarangola.com.br\/site\/?p=2635"},"modified":"2011-12-10T08:42:56","modified_gmt":"2011-12-10T11:42:56","slug":"decreto-proibe-transito-de-caminhoes-pesados-no-centro-de-carangola","status":"publish","type":"post","link":"https:\/\/clickcarangola.com.br\/site\/09\/12\/2011\/decreto-proibe-transito-de-caminhoes-pesados-no-centro-de-carangola\/","title":{"rendered":"Decreto pro\u00edbe tr\u00e2nsito de caminh\u00f5es pesados no centro de Carangola"},"content":{"rendered":"<p style=\"text-align: justify;\"><span style=\"color: #888888;\"><img loading=\"lazy\" decoding=\"async\" class=\"size-full wp-image-2636 alignleft\" src=\"https:\/\/clickcarangola.com.br\/site\/wp-content\/uploads\/2011\/12\/Decreto.jpg\" alt=\"\" width=\"300\" height=\"226\" srcset=\"https:\/\/clickcarangola.com.br\/site\/wp-content\/uploads\/2011\/12\/Decreto.jpg 300w, https:\/\/clickcarangola.com.br\/site\/wp-content\/uploads\/2011\/12\/Decreto-100x75.jpg 100w\" sizes=\"auto, (max-width: 300px) 100vw, 300px\" \/>Um decreto pro\u00edbe o tr\u00e2nsito de caminh\u00f5es pesados nas ruas do centro de Carangola. A medida, tomada pelo prefeito da cidade, divide a opini\u00e3o de moradores e setores da economia local.<\/span><\/p>\n<p style=\"text-align: justify;\"><span style=\"color: #888888;\">A decis\u00e3o publicada em outubro de 2011, proibindo o tr\u00e1fego de caminh\u00f5es pesados na \u00e1rea central da cidade. Est\u00e3o vetados ve\u00edculos que tenham mais de 2,2 metros de largura ou que excedam 6,5 metros de comprimento. As exce\u00e7\u00f5es s\u00e3o os caminh\u00f5es que transportam cargas perec\u00edveis, combust\u00edveis e os dos Correios. A medida, de acordo com a Prefeitura, pretende evitar a degrada\u00e7\u00e3o das ruas e patrim\u00f4nios p\u00fablicos.<!--more--><\/span><\/p>\n<p style=\"text-align: justify;\"><span style=\"color: #888888;\">Na pr\u00e1tica, por\u00e9m, o decreto ainda n\u00e3o \u00e9 respeitado. A equipe de reportagem do MGTV encontrou caminh\u00f5es circulando no centro de Carangola. Tamb\u00e9m n\u00e3o h\u00e1 placas informando a proibi\u00e7\u00e3o no local. A fiscaliza\u00e7\u00e3o est\u00e1 em fase de planejamento.<\/span><\/p>\n<p style=\"text-align: justify;\"><span style=\"color: #888888;\">J\u00e1 h\u00e1 pol\u00eamicas em torno do decreto, envolvendo principalmente cidades vizinhas, como Tombos e Faria Lemos. Carangola \u00e9 o principal acesso dos dois munic\u00edpios \u00e0 BR-116, e com os caminh\u00f5es impedidos de trafegar, os motoristas ter\u00e3o que buscar rotas alternativas, aumentando o tempo da viagem.<\/span><\/p>\n<p style=\"text-align: justify;\"><span style=\"color: #888888;\">O com\u00e9rcio tamb\u00e9m pode ter preju\u00edzos e perder clientes. Alguns setores est\u00e3o preocupados. O engenheiro Sidney Ribeiro Balut\u00a0destaca que algumas empresas podem sair da cidade, com medo de investir.<\/span><\/p>\n<p><span style=\"color: #ff0000;\">Confira a reportagem na \u00edntegra:<\/span><\/p>\n<p><object classid=\"clsid:D27CDB6E-AE6D-11cf-96B8-444553540000\" width=\"320\" height=\"226\" codebase=\"https:\/\/download.macromedia.com\/pub\/shockwave\/cabs\/flash\/swflash.cab#version=6,0,0,0\"><param name=\"_cx\" value=\"8466\" \/><param name=\"_cy\" value=\"5979\" \/><param name=\"FlashVars\" \/><param name=\"Movie\" value=\"https:\/\/www.youtube.com\/v\/cnzoA3li6vw?version=3&amp;f=videos&amp;d=AUYSvnn1V49ZRQ8KpBplvUYO88HsQjpE1a8d1GxQnGDm&amp;app=youtube_gdata\" \/><param name=\"Src\" value=\"https:\/\/www.youtube.com\/v\/cnzoA3li6vw?version=3&amp;f=videos&amp;d=AUYSvnn1V49ZRQ8KpBplvUYO88HsQjpE1a8d1GxQnGDm&amp;app=youtube_gdata\" \/><param name=\"WMode\" value=\"Transparent\" \/><param name=\"Play\" value=\"0\" \/><param name=\"Loop\" value=\"-1\" \/><param name=\"Quality\" value=\"High\" \/><param name=\"SAlign\" value=\"LT\" \/><param name=\"Menu\" value=\"-1\" \/><param name=\"Base\" \/><param name=\"AllowScriptAccess\" value=\"never\" \/><param name=\"Scale\" value=\"NoScale\" \/><param name=\"DeviceFont\" value=\"0\" \/><param name=\"EmbedMovie\" value=\"0\" \/><param name=\"BGColor\" \/><param name=\"SWRemote\" \/><param name=\"MovieData\" \/><param name=\"SeamlessTabbing\" value=\"1\" \/><param name=\"Profile\" value=\"0\" \/><param name=\"ProfileAddress\" \/><param name=\"ProfilePort\" value=\"0\" \/><param name=\"AllowNetworking\" value=\"all\" \/><param name=\"AllowFullScreen\" value=\"false\" \/><\/object><\/p>\n<p style=\"text-align: justify;\"><span style=\"color: #888888;\">Informa\u00e7\u00f5es: TV Panorama.<\/span><\/p>\n<p style=\"text-align: justify;\"><strong><span style=\"color: #888888;\">Por: Click Carangola<\/span><\/strong><\/p>\n","protected":false},"excerpt":{"rendered":"<p>Um decreto pro\u00edbe o tr\u00e2nsito de caminh\u00f5es pesados nas ruas do centro de Carangola. A medida, tomada pelo prefeito da cidade, divide a opini\u00e3o de moradores e setores da economia local. A decis\u00e3o publicada em outubro de 2011, proibindo o tr\u00e1fego de caminh\u00f5es pesados na \u00e1rea central da cidade. Est\u00e3o vetados ve\u00edculos que tenham mais [&hellip;]<\/p>\n","protected":false},"author":2,"featured_media":0,"comment_status":"open","ping_status":"open","sticky":false,"template":"","format":"standard","meta":{"footnotes":""},"categories":[37,46,56,1],"tags":[],"class_list":["post-2635","post","type-post","status-publish","format-standard","hentry","category-carangola-mg","category-farialemos-mg","category-tombos-mg","category-regional"],"_links":{"self":[{"href":"https:\/\/clickcarangola.com.br\/site\/wp-json\/wp\/v2\/posts\/2635","targetHints":{"allow":["GET"]}}],"collection":[{"href":"https:\/\/clickcarangola.com.br\/site\/wp-json\/wp\/v2\/posts"}],"about":[{"href":"https:\/\/clickcarangola.com.br\/site\/wp-json\/wp\/v2\/types\/post"}],"author":[{"embeddable":true,"href":"https:\/\/clickcarangola.com.br\/site\/wp-json\/wp\/v2\/users\/2"}],"replies":[{"embeddable":true,"href":"https:\/\/clickcarangola.com.br\/site\/wp-json\/wp\/v2\/comments?post=2635"}],"version-history":[{"count":11,"href":"https:\/\/clickcarangola.com.br\/site\/wp-json\/wp\/v2\/posts\/2635\/revisions"}],"predecessor-version":[{"id":2638,"href":"https:\/\/clickcarangola.com.br\/site\/wp-json\/wp\/v2\/posts\/2635\/revisions\/2638"}],"wp:attachment":[{"href":"https:\/\/clickcarangola.com.br\/site\/wp-json\/wp\/v2\/media?parent=2635"}],"wp:term":[{"taxonomy":"category","embeddable":true,"href":"https:\/\/clickcarangola.com.br\/site\/wp-json\/wp\/v2\/categories?post=2635"},{"taxonomy":"post_tag","embeddable":true,"href":"https:\/\/clickcarangola.com.br\/site\/wp-json\/wp\/v2\/tags?post=2635"}],"curies":[{"name":"wp","href":"https:\/\/api.w.org\/{rel}","templated":true}]}}