{"id":29673,"date":"2017-07-20T07:00:43","date_gmt":"2017-07-20T10:00:43","guid":{"rendered":"https:\/\/clickcarangola.com.br\/site\/?p=29673"},"modified":"2017-07-22T15:29:02","modified_gmt":"2017-07-22T18:29:02","slug":"casal-enfrenta-2c-e-faz-ensaio-de-casamento-no-pico-da-bandeira","status":"publish","type":"post","link":"https:\/\/clickcarangola.com.br\/site\/20\/07\/2017\/casal-enfrenta-2c-e-faz-ensaio-de-casamento-no-pico-da-bandeira\/","title":{"rendered":"Casal enfrenta -2\u00baC e faz ensaio de casamento no Pico da Bandeira"},"content":{"rendered":"<p style=\"text-align: justify;\"><img loading=\"lazy\" decoding=\"async\" class=\"alignleft size-full wp-image-29675\" src=\"https:\/\/clickcarangola.com.br\/site\/wp-content\/uploads\/2017\/07\/Ensaio-Casal-Pico-01.jpg\" alt=\"\" width=\"300\" height=\"226\" \/>ALTO CAPARA\u00d3 &#8211; &#8220;Eu estava t\u00e3o euf\u00f3rica que nem senti frio&#8221;, conta a enfermeira Dariane Flaviano, de 30 anos. N\u00e3o precisa nem dizer mais nada, n\u00e3o \u00e9? O que s\u00e3o -2\u00baC e -5\u00baC perto de realizar o sonho de fazer o ensaio de p\u00f3s-casamento no alto do Pico da Bandeira? Nada!<\/p>\n<p style=\"text-align: justify;\">Ela e o marido, Vin\u00edcius Milanesi, de 32 anos, se casaram em janeiro deste ano, e por quest\u00f5es familiares s\u00f3 conseguiram fazer as fotos do enlace entre a noite do \u00faltimo domingo (16) e manh\u00e3 de segunda-feira (17).<!--more--><\/p>\n<p style=\"text-align: justify;\">Segundo ela, que \u00e9 mineira mas mora em Vit\u00f3ria, quando subiu no Pico da Bandeira pela primeira vez em 2015 com o marido visualizou o sonho de fazer as fotos do ensaio l\u00e1. &#8220;Eu j\u00e1 tinha falado com ele. Sempre fui muito ligada \u00e0 natureza, eu nasci na ro\u00e7a, ent\u00e3o sou apaixonada por caminhadas e trilhas&#8221;, explica. Para Dariane, mesmo tendo sido cansativa, a experi\u00eancia valeu &#8211; al\u00e9m de ter rendido fotos lindas. &#8220;N\u00f3s subimos com muito equipamento, e tivemos que subir por volta das 23h30 do domingo (16) para chegar no topo antes do Sol nascer, na segunda-feira (17)&#8221;, completa.<\/p>\n<p style=\"text-align: justify;\">&#8220;J\u00e1 subi com o cabelo enrolado, e com uma touca para que a neblina n\u00e3o desmanchasse o penteado&#8221;, brinca. Dariane afirma que a subida foi complicada por que eram muitas pessoas envolvidas e muito equipamento para ser carregado. &#8220;Meu marido estava com o meu vestido e o terno dele, o pessoal da filmagem estava carregando drone, c\u00e2mera, trip\u00e9, ainda tinham duas fot\u00f3grafas, enfim, entre todos, subimos em sete pessoas&#8221;, esclarece.<\/p>\n<p style=\"text-align: justify;\">A enfermeira relata que o vestido foi feito pela m\u00e3e e o terno foi comprado pelo marido, ent\u00e3o eles n\u00e3o se preocuparam quanto \u00e0 data. &#8220;Meu sogro morreu pouco depois de n\u00f3s nos casarmos, ent\u00e3o s\u00f3 deu para fazer as fotos agora. Ainda tive que conciliar a agenda do Vin\u00edcius, com a fotografia, a filmagem e o sal\u00e3o em que eu fiz minha produ\u00e7\u00e3o&#8221;, destaca.<\/p>\n<p style=\"text-align: justify;\">Dariane diz que realmente ficou impressionada com o frio, mas garante que esse n\u00e3o foi um fator que a fez repensar o ensaio. &#8220;Estava gelado e eu s\u00f3 pensava: &#8216;quem teve essa ideia de maluco&#8221;, gargalha. &#8220;Mas quando chegamos l\u00e1 no topo, me troquei rapidinho, e de tempo em tempo pegava uma coberta que eu levei para colocar por cima de mim. Mas logo me dava um calor, de t\u00e3o euf\u00f3rica que estava, e j\u00e1 \u00edamos n\u00f3s para mais fotos&#8221;, relembra.<\/p>\n<p style=\"text-align: justify;\"><strong>Inusitado<\/strong><\/p>\n<p style=\"text-align: justify;\">As fot\u00f3grafas e irm\u00e3s Aline e Rafaela Emerick trabalham fazendo ensaios h\u00e1 quase dois anos. Mas, como garante Rafaela, \u00e9 a primeira vez que elas fazem fotos de uma forma t\u00e3o &#8220;radical&#8221; e &#8220;inusitada&#8221;, como a pr\u00f3pria classifica. &#8220;N\u00f3s nunca fizemos nada parecido, e o impressionante \u00e9 que o resultado ficou espetacular. O ambiente \u00e9 maravilhoso, ent\u00e3o isso tamb\u00e9m ajudou&#8221;, conta.<\/p>\n<p style=\"text-align: justify;\"><strong>Confira as imagens:<\/strong><\/p>\n<p><img loading=\"lazy\" decoding=\"async\" src=\"https:\/\/clickcarangola.com.br\/site\/wp-content\/uploads\/2017\/07\/Ensaio-Casal-Pico-02.jpg\" alt=\"\" width=\"400\" height=\"300\" \/><br \/>\n<img loading=\"lazy\" decoding=\"async\" src=\"https:\/\/clickcarangola.com.br\/site\/wp-content\/uploads\/2017\/07\/Ensaio-Casal-Pico-03.jpg\" alt=\"\" width=\"400\" height=\"300\" \/><br \/>\n<img loading=\"lazy\" decoding=\"async\" src=\"https:\/\/clickcarangola.com.br\/site\/wp-content\/uploads\/2017\/07\/Ensaio-Casal-Pico-04.jpg\" alt=\"\" width=\"400\" height=\"300\" \/><br \/>\n<img loading=\"lazy\" decoding=\"async\" src=\"https:\/\/clickcarangola.com.br\/site\/wp-content\/uploads\/2017\/07\/Ensaio-Casal-Pico-05.jpg\" alt=\"\" width=\"400\" height=\"300\" \/><br \/>\n<img loading=\"lazy\" decoding=\"async\" src=\"https:\/\/clickcarangola.com.br\/site\/wp-content\/uploads\/2017\/07\/Ensaio-Casal-Pico-06.jpg\" alt=\"\" width=\"400\" height=\"300\" \/><br \/>\n<img loading=\"lazy\" decoding=\"async\" src=\"https:\/\/clickcarangola.com.br\/site\/wp-content\/uploads\/2017\/07\/Ensaio-Casal-Pico-07.jpg\" alt=\"\" width=\"400\" height=\"300\" \/><br \/>\n<img loading=\"lazy\" decoding=\"async\" src=\"https:\/\/clickcarangola.com.br\/site\/wp-content\/uploads\/2017\/07\/Ensaio-Casal-Pico-08.jpg\" alt=\"\" width=\"400\" height=\"300\" \/><br \/>\n<img loading=\"lazy\" decoding=\"async\" src=\"https:\/\/clickcarangola.com.br\/site\/wp-content\/uploads\/2017\/07\/Ensaio-Casal-Pico-09.jpg\" alt=\"\" width=\"400\" height=\"300\" \/><br \/>\n<img loading=\"lazy\" decoding=\"async\" src=\"https:\/\/clickcarangola.com.br\/site\/wp-content\/uploads\/2017\/07\/Ensaio-Casal-Pico-10.jpg\" alt=\"\" width=\"400\" height=\"300\" \/><br \/>\n<img loading=\"lazy\" decoding=\"async\" src=\"https:\/\/clickcarangola.com.br\/site\/wp-content\/uploads\/2017\/07\/Ensaio-Casal-Pico-11.jpg\" alt=\"\" width=\"400\" height=\"300\" \/><br \/>\n<img loading=\"lazy\" decoding=\"async\" src=\"https:\/\/clickcarangola.com.br\/site\/wp-content\/uploads\/2017\/07\/Ensaio-Casal-Pico-12.jpg\" alt=\"\" width=\"400\" height=\"300\" \/><br \/>\n<img loading=\"lazy\" decoding=\"async\" src=\"https:\/\/clickcarangola.com.br\/site\/wp-content\/uploads\/2017\/07\/Ensaio-Casal-Pico-13.jpg\" alt=\"\" width=\"400\" height=\"300\" \/><br \/>\n<img loading=\"lazy\" decoding=\"async\" src=\"https:\/\/clickcarangola.com.br\/site\/wp-content\/uploads\/2017\/07\/Ensaio-Casal-Pico-14.jpg\" alt=\"\" width=\"400\" height=\"300\" \/><br \/>\n<img loading=\"lazy\" decoding=\"async\" src=\"https:\/\/clickcarangola.com.br\/site\/wp-content\/uploads\/2017\/07\/Ensaio-Casal-Pico-15.jpg\" alt=\"\" width=\"400\" height=\"300\" \/><br \/>\n<img loading=\"lazy\" decoding=\"async\" src=\"https:\/\/clickcarangola.com.br\/site\/wp-content\/uploads\/2017\/07\/Ensaio-Casal-Pico-16.jpg\" alt=\"\" width=\"400\" height=\"300\" \/><br \/>\n<img loading=\"lazy\" decoding=\"async\" src=\"https:\/\/clickcarangola.com.br\/site\/wp-content\/uploads\/2017\/07\/Ensaio-Casal-Pico-17.jpg\" alt=\"\" width=\"400\" height=\"300\" \/><br \/>\n<img loading=\"lazy\" decoding=\"async\" src=\"https:\/\/clickcarangola.com.br\/site\/wp-content\/uploads\/2017\/07\/Ensaio-Casal-Pico-18.jpg\" alt=\"\" width=\"400\" height=\"300\" \/><\/p>\n<p><strong>Por: Click Carangola <\/strong>| Com informa\u00e7\u00f5es Gazeta Online.<\/p>\n","protected":false},"excerpt":{"rendered":"<p>ALTO CAPARA\u00d3 &#8211; &#8220;Eu estava t\u00e3o euf\u00f3rica que nem senti frio&#8221;, conta a enfermeira Dariane Flaviano, de 30 anos. N\u00e3o precisa nem dizer mais nada, n\u00e3o \u00e9? O que s\u00e3o -2\u00baC e -5\u00baC perto de realizar o sonho de fazer o ensaio de p\u00f3s-casamento no alto do Pico da Bandeira? Nada! Ela e o marido, [&hellip;]<\/p>\n","protected":false},"author":2,"featured_media":0,"comment_status":"open","ping_status":"open","sticky":false,"template":"","format":"standard","meta":{"footnotes":""},"categories":[39],"tags":[],"class_list":["post-29673","post","type-post","status-publish","format-standard","hentry","category-altocaparao-mg"],"_links":{"self":[{"href":"https:\/\/clickcarangola.com.br\/site\/wp-json\/wp\/v2\/posts\/29673","targetHints":{"allow":["GET"]}}],"collection":[{"href":"https:\/\/clickcarangola.com.br\/site\/wp-json\/wp\/v2\/posts"}],"about":[{"href":"https:\/\/clickcarangola.com.br\/site\/wp-json\/wp\/v2\/types\/post"}],"author":[{"embeddable":true,"href":"https:\/\/clickcarangola.com.br\/site\/wp-json\/wp\/v2\/users\/2"}],"replies":[{"embeddable":true,"href":"https:\/\/clickcarangola.com.br\/site\/wp-json\/wp\/v2\/comments?post=29673"}],"version-history":[{"count":7,"href":"https:\/\/clickcarangola.com.br\/site\/wp-json\/wp\/v2\/posts\/29673\/revisions"}],"predecessor-version":[{"id":29706,"href":"https:\/\/clickcarangola.com.br\/site\/wp-json\/wp\/v2\/posts\/29673\/revisions\/29706"}],"wp:attachment":[{"href":"https:\/\/clickcarangola.com.br\/site\/wp-json\/wp\/v2\/media?parent=29673"}],"wp:term":[{"taxonomy":"category","embeddable":true,"href":"https:\/\/clickcarangola.com.br\/site\/wp-json\/wp\/v2\/categories?post=29673"},{"taxonomy":"post_tag","embeddable":true,"href":"https:\/\/clickcarangola.com.br\/site\/wp-json\/wp\/v2\/tags?post=29673"}],"curies":[{"name":"wp","href":"https:\/\/api.w.org\/{rel}","templated":true}]}}