{"id":30701,"date":"2017-09-07T09:00:14","date_gmt":"2017-09-07T12:00:14","guid":{"rendered":"https:\/\/clickcarangola.com.br\/site\/?p=30701"},"modified":"2017-09-07T17:10:29","modified_gmt":"2017-09-07T20:10:29","slug":"presidente-da-camara-assume-a-prefeitura-de-pedra-bonita","status":"publish","type":"post","link":"https:\/\/clickcarangola.com.br\/site\/07\/09\/2017\/presidente-da-camara-assume-a-prefeitura-de-pedra-bonita\/","title":{"rendered":"Presidente da C\u00e2mara assume a prefeitura de Pedra Bonita"},"content":{"rendered":"<p><img loading=\"lazy\" decoding=\"async\" class=\"alignleft size-full wp-image-30702\" src=\"https:\/\/clickcarangola.com.br\/site\/wp-content\/uploads\/2017\/09\/Presidente-da-C\u00e2mara.jpg\" alt=\"\" width=\"300\" height=\"226\" \/>PEDRA BONITA &#8211; A Justi\u00e7a Eleitoral comunicou, nesta quarta-feira (06), ao presidente da C\u00e2mara Municipal de Pedra Bonita, Elias V\u00edtor de Oliveira, a decis\u00e3o proferida pelo TRE mineiro que cassou os diplomas e determinou o afastamento do prefeito eleito Adriano Teodoro do Carmo (PP), e do vice-prefeito, Humberto Osvaldo Ferreira (PMDB), por abuso de poder econ\u00f4mico e capta\u00e7\u00e3o il\u00edcita de sufr\u00e1gio nas elei\u00e7\u00f5es de 2016. No final da tarde, o presidente da C\u00e2mara foi empossado como novo prefeito.<!--more--><\/p>\n<p>O documento, assinado pelo juiz da 2\u00aa Zona Eleitoral, de Abre Campo, Bruno Miranda Cam\u00ealo, determinou ao presidente da C\u00e2mara que adotasse, de imediato, as provid\u00eancias necess\u00e1rias, cumprindo o que foi determinado pela Corte Eleitoral. Em raz\u00e3o disso, o chefe do Legislativo assume interinamente a prefeitura local e responder\u00e1 pelo munic\u00edpio at\u00e9 que novo prefeito seja eleito e tome posse. O novo pleito ainda ser\u00e1 marcado pelo Tribunal.<\/p>\n<p>A Corte Eleitoral havia fixado que a execu\u00e7\u00e3o da decis\u00e3o que cassou os diplomas do prefeito e do vice e a convoca\u00e7\u00e3o de novas elei\u00e7\u00f5es majorit\u00e1rias, nos termos do art. 224 do C\u00f3digo Eleitoral, ocorresse ap\u00f3s a publica\u00e7\u00e3o do resultado do julgamento de embargos de declara\u00e7\u00e3o, o que ocorreu no Di\u00e1rio da Justi\u00e7a Eletr\u00f4nico (DJE) dessa ter\u00e7a-feira (05).<\/p>\n<p><strong>Cassa\u00e7\u00e3o<\/strong><\/p>\n<p>Por unanimidade, na sess\u00e3o de 16\/05, o Tribunal Eleitoral mineiro reformou a senten\u00e7a de primeira inst\u00e2ncia e cassou o diploma do prefeito eleito de Pedra Bonita, Adriano Teodoro do Carmo (PP), e do vice-prefeito, Humberto Osvaldo Ferreira (PMDB), por abuso de poder econ\u00f4mico em per\u00edodo eleitoral. Foi ainda aplicada a san\u00e7\u00e3o de inelegibilidade por oito anos ao terceiro investigado, Trov\u00e3o V\u00edtor de Oliveira, ex-prefeito do munic\u00edpio.<\/p>\n<p>De acordo com a a\u00e7\u00e3o de investiga\u00e7\u00e3o judicial eleitoral (AIJE) proposta pelo Minist\u00e9rio P\u00fablico Eleitoral (MPE), teria havido capta\u00e7\u00e3o il\u00edcita de sufr\u00e1gio e abuso de poder econ\u00f4mico em raz\u00e3o de promo\u00e7\u00e3o de festa pelo prefeito \u00e0 \u00e9poca, Trov\u00e3o V\u00edtor de Oliveira, em sua fazenda, na data de 04 de setembro de 2016, para apoiar as candidaturas de Adriano e Humberto. No evento teria acontecido a distribui\u00e7\u00e3o gratuita de churrasco e refrigerante para os participantes \u2013 entre 500 e 1.000 -, com pr\u00e9vio conhecimento dos candidatos investigados, beneficiados pelo ato.<\/p>\n<p>Para o relator do processo, juiz Carlos Roberto de Carvalho \u201cdo cruzamento das informa\u00e7\u00f5es extra\u00eddas dos elementos de prova dispon\u00edveis nos autos, exsurge a percep\u00e7\u00e3o n\u00edtida de que a festa realizada na fazenda do Trov\u00e3o Oliveira, ainda que tenha se prestado a comemorar o anivers\u00e1rio de Fabr\u00edcio de Paula Correa e Mariana Martins Vitor,foi desvirtuada pelos interesses eleitorais dos partid\u00e1rios dos investigados, ganhando evidente fei\u00e7\u00e3o de evento de campanha eleitoral. (&#8230;) A potencialidade lesiva encontra-se evidenciada pela magnitude da festa, j\u00e1 que um evento no qual se convida cerca de 180 fam\u00edlias e aproximadamente 1000 pessoas, um m\u00eas antes das elei\u00e7\u00f5es, em um munic\u00edpio com eleitorado de 5.150 pessoas, conforme dados da Justi\u00e7a Eleitoral, certamente tem capacidade potencial de causar s\u00e9rio desequil\u00edbrio na disputa entre os candidatos e afetar o resultado do pleito.\u201d<\/p>\n<p>O prefeito eleito obteve 1.933 votos (40,15%), que ser\u00e3o anulados.<\/p>\n<p><strong>Por: Click Carangola<\/strong> | Com informa\u00e7\u00f5es do TRE e P. Capara\u00f3.<\/p>\n","protected":false},"excerpt":{"rendered":"<p>PEDRA BONITA &#8211; A Justi\u00e7a Eleitoral comunicou, nesta quarta-feira (06), ao presidente da C\u00e2mara Municipal de Pedra Bonita, Elias V\u00edtor de Oliveira, a decis\u00e3o proferida pelo TRE mineiro que cassou os diplomas e determinou o afastamento do prefeito eleito Adriano Teodoro do Carmo (PP), e do vice-prefeito, Humberto Osvaldo Ferreira (PMDB), por abuso de poder [&hellip;]<\/p>\n","protected":false},"author":2,"featured_media":0,"comment_status":"open","ping_status":"open","sticky":false,"template":"","format":"standard","meta":{"footnotes":""},"categories":[87],"tags":[],"class_list":["post-30701","post","type-post","status-publish","format-standard","hentry","category-pedrabonita-mg"],"_links":{"self":[{"href":"https:\/\/clickcarangola.com.br\/site\/wp-json\/wp\/v2\/posts\/30701","targetHints":{"allow":["GET"]}}],"collection":[{"href":"https:\/\/clickcarangola.com.br\/site\/wp-json\/wp\/v2\/posts"}],"about":[{"href":"https:\/\/clickcarangola.com.br\/site\/wp-json\/wp\/v2\/types\/post"}],"author":[{"embeddable":true,"href":"https:\/\/clickcarangola.com.br\/site\/wp-json\/wp\/v2\/users\/2"}],"replies":[{"embeddable":true,"href":"https:\/\/clickcarangola.com.br\/site\/wp-json\/wp\/v2\/comments?post=30701"}],"version-history":[{"count":3,"href":"https:\/\/clickcarangola.com.br\/site\/wp-json\/wp\/v2\/posts\/30701\/revisions"}],"predecessor-version":[{"id":30706,"href":"https:\/\/clickcarangola.com.br\/site\/wp-json\/wp\/v2\/posts\/30701\/revisions\/30706"}],"wp:attachment":[{"href":"https:\/\/clickcarangola.com.br\/site\/wp-json\/wp\/v2\/media?parent=30701"}],"wp:term":[{"taxonomy":"category","embeddable":true,"href":"https:\/\/clickcarangola.com.br\/site\/wp-json\/wp\/v2\/categories?post=30701"},{"taxonomy":"post_tag","embeddable":true,"href":"https:\/\/clickcarangola.com.br\/site\/wp-json\/wp\/v2\/tags?post=30701"}],"curies":[{"name":"wp","href":"https:\/\/api.w.org\/{rel}","templated":true}]}}