{"id":3077,"date":"2012-01-02T10:18:02","date_gmt":"2012-01-02T13:18:02","guid":{"rendered":"https:\/\/clickcarangola.com.br\/site\/?p=3077"},"modified":"2012-01-03T11:11:15","modified_gmt":"2012-01-03T14:11:15","slug":"tre-determina-cadastramento-biometrico-em-cidades-da-regiao","status":"publish","type":"post","link":"https:\/\/clickcarangola.com.br\/site\/02\/01\/2012\/tre-determina-cadastramento-biometrico-em-cidades-da-regiao\/","title":{"rendered":"TRE determina cadastramento biom\u00e9trico em cidades da regi\u00e3o"},"content":{"rendered":"<p style=\"text-align: justify;\"><span style=\"color: #888888;\"><img loading=\"lazy\" decoding=\"async\" class=\"size-full wp-image-3078 alignleft\" src=\"https:\/\/clickcarangola.com.br\/site\/wp-content\/uploads\/2012\/01\/Justi\u00e7a.jpg\" alt=\"\" width=\"125\" height=\"125\" \/>O Tribunal Regional Eleitoral (TRE) determinou a revis\u00e3o com cadastramento biom\u00e9trico em mais de 15 cidades mineiras. Na regi\u00e3o, os eleitores de Faria Lemos, Divin\u00e9sia e Estrela Dalva\u00a0 devem comparecer \u00e0 Justi\u00e7a Eleitoral dos munic\u00edpios a partir desta segunda-feira (2). O prazo vai at\u00e9 o dia 29 de fevereiro. O cadastramento \u00e9 necess\u00e1rio para evitar que o t\u00edtulo seja cancelado.<\/span><\/p>\n<p style=\"text-align: justify;\"><span style=\"color: #888888;\">\u00c9 preciso levar documento de identidade original, comprovante de resid\u00eancia, t\u00edtulo eleitoral e CPF. Os maiores de 18 anos que forem tirar o t\u00edtulo pela primeira vez devem apresentar o certificado de reservista.<\/span><\/p>\n<p style=\"text-align: justify;\"><span style=\"color: #888888;\">Informa\u00e7\u00f5es: Megaminas.<\/span><\/p>\n<p style=\"text-align: justify;\"><strong><span style=\"color: #888888;\">Por: Click Carangola<\/span><\/strong><\/p>\n","protected":false},"excerpt":{"rendered":"<p>O Tribunal Regional Eleitoral (TRE) determinou a revis\u00e3o com cadastramento biom\u00e9trico em mais de 15 cidades mineiras. Na regi\u00e3o, os eleitores de Faria Lemos, Divin\u00e9sia e Estrela Dalva\u00a0 devem comparecer \u00e0 Justi\u00e7a Eleitoral dos munic\u00edpios a partir desta segunda-feira (2). O prazo vai at\u00e9 o dia 29 de fevereiro. O cadastramento \u00e9 necess\u00e1rio para evitar [&hellip;]<\/p>\n","protected":false},"author":2,"featured_media":0,"comment_status":"open","ping_status":"open","sticky":false,"template":"","format":"standard","meta":{"footnotes":""},"categories":[46],"tags":[],"class_list":["post-3077","post","type-post","status-publish","format-standard","hentry","category-farialemos-mg"],"_links":{"self":[{"href":"https:\/\/clickcarangola.com.br\/site\/wp-json\/wp\/v2\/posts\/3077","targetHints":{"allow":["GET"]}}],"collection":[{"href":"https:\/\/clickcarangola.com.br\/site\/wp-json\/wp\/v2\/posts"}],"about":[{"href":"https:\/\/clickcarangola.com.br\/site\/wp-json\/wp\/v2\/types\/post"}],"author":[{"embeddable":true,"href":"https:\/\/clickcarangola.com.br\/site\/wp-json\/wp\/v2\/users\/2"}],"replies":[{"embeddable":true,"href":"https:\/\/clickcarangola.com.br\/site\/wp-json\/wp\/v2\/comments?post=3077"}],"version-history":[{"count":3,"href":"https:\/\/clickcarangola.com.br\/site\/wp-json\/wp\/v2\/posts\/3077\/revisions"}],"predecessor-version":[{"id":3080,"href":"https:\/\/clickcarangola.com.br\/site\/wp-json\/wp\/v2\/posts\/3077\/revisions\/3080"}],"wp:attachment":[{"href":"https:\/\/clickcarangola.com.br\/site\/wp-json\/wp\/v2\/media?parent=3077"}],"wp:term":[{"taxonomy":"category","embeddable":true,"href":"https:\/\/clickcarangola.com.br\/site\/wp-json\/wp\/v2\/categories?post=3077"},{"taxonomy":"post_tag","embeddable":true,"href":"https:\/\/clickcarangola.com.br\/site\/wp-json\/wp\/v2\/tags?post=3077"}],"curies":[{"name":"wp","href":"https:\/\/api.w.org\/{rel}","templated":true}]}}