{"id":30991,"date":"2017-10-02T07:00:08","date_gmt":"2017-10-02T10:00:08","guid":{"rendered":"https:\/\/clickcarangola.com.br\/site\/?p=30991"},"modified":"2017-10-03T16:25:21","modified_gmt":"2017-10-03T19:25:21","slug":"acusado-de-matar-prefeito-de-sao-francisco-do-gloria-em-2008-e-condenado-a-23-anos-de-prisao","status":"publish","type":"post","link":"https:\/\/clickcarangola.com.br\/site\/02\/10\/2017\/acusado-de-matar-prefeito-de-sao-francisco-do-gloria-em-2008-e-condenado-a-23-anos-de-prisao\/","title":{"rendered":"Acusado de matar prefeito de S\u00e3o Francisco do Gl\u00f3ria em 2008 \u00e9 condenado a 23 anos de pris\u00e3o"},"content":{"rendered":"<p><img loading=\"lazy\" decoding=\"async\" class=\"alignleft size-full wp-image-30992\" src=\"https:\/\/clickcarangola.com.br\/site\/wp-content\/uploads\/2017\/10\/Acusado-de-matar.jpg\" alt=\"\" width=\"300\" height=\"226\" srcset=\"https:\/\/clickcarangola.com.br\/site\/wp-content\/uploads\/2017\/10\/Acusado-de-matar.jpg 600w, https:\/\/clickcarangola.com.br\/site\/wp-content\/uploads\/2017\/10\/Acusado-de-matar-300x225.jpg 300w, https:\/\/clickcarangola.com.br\/site\/wp-content\/uploads\/2017\/10\/Acusado-de-matar-100x75.jpg 100w\" sizes=\"auto, (max-width: 300px) 100vw, 300px\" \/>PI\u00daMA &#8211; Na \u00faltima sexta-feira (29) um agricultor de 46 anos foi julgado e condenado pela Justi\u00e7a do Estado do Esp\u00edrito Santo a 23 anos e 4 meses de pris\u00e3o pelo assassinato de Gilberto de Souza Silva em 2008.<\/p>\n<p>Na \u00e9poca, a v\u00edtima era prefeito de S\u00e3o Francisco do Gl\u00f3ria, na Zona da Mata Mineira e passava f\u00e9rias em Pi\u00fama (ES).<!--more--><\/p>\n<p>Na senten\u00e7a assinada pelo juiz Diego Ramirez Grigio Silva, da 2\u00aa Vara da comarca de Pi\u00fama, o r\u00e9u foi condenado por homic\u00eddio duplamente qualificado, por motivo torpe &#8211; mediante pagamento ou promessa de recompensa &#8211; e com uso de recurso que dificultou a defesa do ofendido.<\/p>\n<p><strong>O crime<\/strong><\/p>\n<p>Gilberto (44 anos) foi morto com cinco tiros no dia 13 de janeiro de 2008, quando passava f\u00e9rias no Esp\u00edrito Santo. Segundo as investiga\u00e7\u00f5es da pol\u00edcia, a v\u00edtima estava em uma lanchonete, localizada na Avenida Beira Mar, em Pi\u00fama, quando foi atingida pelos disparos.<\/p>\n<p>Ainda de acordo com o inqu\u00e9rito da Pol\u00edcia Civil, dois homens, que estavam em uma motocicleta, se aproximaram do ex-prefeito e um deles &#8211; que seria o r\u00e9u &#8211; atirou na v\u00edtima. Gilberto foi atingido na cabe\u00e7a e nas costas.<\/p>\n<p>A v\u00edtima chegou a ser encaminhada ao Hospital Nossa Senhora Aparecida, em Pi\u00fama, mas morreu antes de dar entrada na unidade de sa\u00fade. O condenado (ainda na condi\u00e7\u00e3o de suspeito) foi preso 12 dias depois, em uma fazenda na zona rural de \u00c1gua Doce do Norte, no noroeste do Estado.<\/p>\n<p><strong>Por: Click Carangola<\/strong> | Com informa\u00e7\u00f5es Folha Vit\u00f3ria.<\/p>\n","protected":false},"excerpt":{"rendered":"<p>PI\u00daMA &#8211; Na \u00faltima sexta-feira (29) um agricultor de 46 anos foi julgado e condenado pela Justi\u00e7a do Estado do Esp\u00edrito Santo a 23 anos e 4 meses de pris\u00e3o pelo assassinato de Gilberto de Souza Silva em 2008. Na \u00e9poca, a v\u00edtima era prefeito de S\u00e3o Francisco do Gl\u00f3ria, na Zona da Mata Mineira [&hellip;]<\/p>\n","protected":false},"author":2,"featured_media":0,"comment_status":"open","ping_status":"open","sticky":false,"template":"","format":"standard","meta":{"footnotes":""},"categories":[55],"tags":[],"class_list":["post-30991","post","type-post","status-publish","format-standard","hentry","category-saofranciscodogloria-mg"],"_links":{"self":[{"href":"https:\/\/clickcarangola.com.br\/site\/wp-json\/wp\/v2\/posts\/30991","targetHints":{"allow":["GET"]}}],"collection":[{"href":"https:\/\/clickcarangola.com.br\/site\/wp-json\/wp\/v2\/posts"}],"about":[{"href":"https:\/\/clickcarangola.com.br\/site\/wp-json\/wp\/v2\/types\/post"}],"author":[{"embeddable":true,"href":"https:\/\/clickcarangola.com.br\/site\/wp-json\/wp\/v2\/users\/2"}],"replies":[{"embeddable":true,"href":"https:\/\/clickcarangola.com.br\/site\/wp-json\/wp\/v2\/comments?post=30991"}],"version-history":[{"count":5,"href":"https:\/\/clickcarangola.com.br\/site\/wp-json\/wp\/v2\/posts\/30991\/revisions"}],"predecessor-version":[{"id":30998,"href":"https:\/\/clickcarangola.com.br\/site\/wp-json\/wp\/v2\/posts\/30991\/revisions\/30998"}],"wp:attachment":[{"href":"https:\/\/clickcarangola.com.br\/site\/wp-json\/wp\/v2\/media?parent=30991"}],"wp:term":[{"taxonomy":"category","embeddable":true,"href":"https:\/\/clickcarangola.com.br\/site\/wp-json\/wp\/v2\/categories?post=30991"},{"taxonomy":"post_tag","embeddable":true,"href":"https:\/\/clickcarangola.com.br\/site\/wp-json\/wp\/v2\/tags?post=30991"}],"curies":[{"name":"wp","href":"https:\/\/api.w.org\/{rel}","templated":true}]}}