{"id":3101,"date":"2012-01-02T11:05:26","date_gmt":"2012-01-02T14:05:26","guid":{"rendered":"https:\/\/clickcarangola.com.br\/site\/?p=3101"},"modified":"2012-01-05T11:41:19","modified_gmt":"2012-01-05T14:41:19","slug":"proerd-forma-cerca-de-1800-criancas-na-regiao-de-carangola-em-2011","status":"publish","type":"post","link":"https:\/\/clickcarangola.com.br\/site\/02\/01\/2012\/proerd-forma-cerca-de-1800-criancas-na-regiao-de-carangola-em-2011\/","title":{"rendered":"PROERD forma cerca de 1800 crian\u00e7as na regi\u00e3o de Carangola em 2011"},"content":{"rendered":"<p style=\"text-align: justify;\"><span style=\"color: #888888;\"><img loading=\"lazy\" decoding=\"async\" class=\"alignleft\" src=\"https:\/\/clickcarangola.com.br\/site\/wp-content\/uploads\/2012\/01\/Proerd_06-300x199.jpg\" alt=\"\" width=\"300\" height=\"226\" \/>O Proerd (Programa Educacional de Resist\u00eancia \u00e0s Drogas) \u00e9 uma iniciativa da Pol\u00edcia Militar de Minas Gerais, com base no projeto D.a.r.e (Drug abuse resistence education) implantado em Los Angeles, Estados Unidos, em 1983, presente, atualmente, em 60 pa\u00edses, sendo uma realidade tamb\u00e9m na cidade de Carangola e nas demais cidades que compoem a sub\u00e1rea da 75\u00aa CIA ESP PM (Divino, Tombos, Fervedouro, S\u00e3o Francisco do Gl\u00f3ria, Oriz\u00e2nia, Faria Lemos, Pedra Dourada). <\/span><\/p>\n<p style=\"text-align: justify;\"><span style=\"color: #888888;\">Os policias instrutores do proerd <span style=\"text-decoration: underline;\">3\u00ba Sgt Eros e Sd Vital<\/span> atenderam todas as cidades citadas, tendo tamb\u00e9m o policial proerd <span style=\"text-decoration: underline;\">Cb Bolare<\/span> como instrutor proerd de Tombos e Pedra dourada, perfazendo-se um total aproximado de 1.800 crian\u00e7as atendidas pelo proerd na regi\u00e3o de Carangola durante o ano de 2011 pelos 3 instrutores.<!--more--><\/span><\/p>\n<p style=\"text-align: justify;\"><span style=\"color: #888888;\">O proerd demonstra a preocupa\u00e7\u00e3o da Pol\u00edcia Militar de Minas Gerais em ajudar na forma\u00e7\u00e3o das nossas crian\u00e7as, trazendo a elas informa\u00e7\u00f5es corretas e atualizadas sobre drogas l\u00edcitas e il\u00edcitas de forma bastante l\u00fadica e tamb\u00e9m maneiras de resistir \u00e0s press\u00f5es de &#8220;amigos&#8221;. <\/span><\/p>\n<p style=\"text-align: justify;\"><span style=\"color: #888888;\">O comando da 75\u00aa CIA ESP PM, atrav\u00e9s do Major Andr\u00e9 de S\u00e1, vem investindo fortemente na preven\u00e7\u00e3o ativa em Carangola e regi\u00e3o, demonstrando assim um trabalho s\u00e9rio em rela\u00e7\u00e3o \u00e0s drogas.<\/span><\/p>\n<p style=\"text-align: justify;\"><span style=\"color: #888888;\">O proerd se encerra com uma grande formatura de todas as escolas participantes de cada cidade. Em Carangola a formatura se realizou dia 07\/12\/2011 no Carangola T\u00eanis Clube, com participa\u00e7\u00e3o de 360 alunos das escolas atendidas no 2\u00ba semestre. Foi uma grande festa contra as drogas, onde os alunos tiveram a oportunidade de fazer um compromisso perante a comunidade de ficar longe das drogas e da viol\u00eancia.<\/span><\/p>\n<p style=\"text-align: justify;\"><span style=\"color: #888888;\">Parab\u00e9ns aos alunos formandos do proerd!!! Que os ensinamentos repassados em sala de aula possam dar bons frutos!!!<\/span><\/p>\n<p><span style=\"color: #888888;\">Parab\u00e9ns \u00e0s 48 escolas da regi\u00e3o que abriram as portas para o proerd!!!<\/span><\/p>\n<p style=\"text-align: justify;\"><span style=\"color: #888888;\">Enfim, parab\u00e9ns \u00e0 comunidade pelo acolhimento s\u00e9rio do proerd, fazendo com que nossas crian\u00e7as estejam mais informadas para se manterem longe das drogas e da viol\u00eancia!!!<\/span><\/p>\n<p style=\"text-align: justify;\"><span style=\"color: #888888;\">Muitos pensam e se perguntam: &#8220;Que <span style=\"text-decoration: underline;\">mundo<\/span> iremos deixar para nossos filhos?!\u201d mas temos tamb\u00e9m de pensar &#8220;Que <span style=\"text-decoration: underline;\">filhos<\/span> deixaremos para este mundo?!\u201d<\/span><\/p>\n<p style=\"text-align: justify;\"><span style=\"color: #ff0000;\">Confira as imagens:<\/span><\/p>\n<p style=\"text-align: justify;\"><span style=\"color: #ff0000;\"><img loading=\"lazy\" decoding=\"async\" class=\"alignnone size-medium wp-image-3105\" src=\"https:\/\/clickcarangola.com.br\/site\/wp-content\/uploads\/2012\/01\/Proerd_01-300x199.jpg\" alt=\"\" width=\"300\" height=\"226\" \/><img loading=\"lazy\" decoding=\"async\" class=\"alignnone size-medium wp-image-3106\" src=\"https:\/\/clickcarangola.com.br\/site\/wp-content\/uploads\/2012\/01\/Proerd_02-300x199.jpg\" alt=\"\" width=\"300\" height=\"226\" \/><img loading=\"lazy\" decoding=\"async\" class=\"alignnone size-medium wp-image-3107\" src=\"https:\/\/clickcarangola.com.br\/site\/wp-content\/uploads\/2012\/01\/Proerd_03-300x199.jpg\" alt=\"\" width=\"300\" height=\"226\" \/><img loading=\"lazy\" decoding=\"async\" class=\"alignnone size-medium wp-image-3108\" src=\"https:\/\/clickcarangola.com.br\/site\/wp-content\/uploads\/2012\/01\/Proerd_04-300x199.jpg\" alt=\"\" width=\"300\" height=\"226\" \/><img loading=\"lazy\" decoding=\"async\" class=\"alignnone size-medium wp-image-3109\" src=\"https:\/\/clickcarangola.com.br\/site\/wp-content\/uploads\/2012\/01\/Proerd_05-300x199.jpg\" alt=\"\" width=\"300\" height=\"226\" \/><img loading=\"lazy\" decoding=\"async\" class=\"alignnone size-medium wp-image-3111\" src=\"https:\/\/clickcarangola.com.br\/site\/wp-content\/uploads\/2012\/01\/Proerd_07-300x201.jpg\" alt=\"\" width=\"300\" height=\"226\" \/><img loading=\"lazy\" decoding=\"async\" class=\"alignnone size-medium wp-image-3112\" src=\"https:\/\/clickcarangola.com.br\/site\/wp-content\/uploads\/2012\/01\/Proerd_08-300x201.jpg\" alt=\"\" width=\"300\" height=\"226\" \/><img loading=\"lazy\" decoding=\"async\" class=\"alignnone size-medium wp-image-3114\" src=\"https:\/\/clickcarangola.com.br\/site\/wp-content\/uploads\/2012\/01\/Proerd_09-300x201.jpg\" alt=\"\" width=\"300\" height=\"226\" \/><img loading=\"lazy\" decoding=\"async\" class=\"alignnone size-medium wp-image-3115\" src=\"https:\/\/clickcarangola.com.br\/site\/wp-content\/uploads\/2012\/01\/Proerd_10-300x201.jpg\" alt=\"\" width=\"300\" height=\"226\" \/><img loading=\"lazy\" decoding=\"async\" class=\"alignnone size-medium wp-image-3116\" src=\"https:\/\/clickcarangola.com.br\/site\/wp-content\/uploads\/2012\/01\/Proerd_11-300x201.jpg\" alt=\"\" width=\"300\" height=\"226\" \/><img loading=\"lazy\" decoding=\"async\" class=\"alignnone size-medium wp-image-3118\" src=\"https:\/\/clickcarangola.com.br\/site\/wp-content\/uploads\/2012\/01\/Proerd_12-300x201.jpg\" alt=\"\" width=\"300\" height=\"226\" \/><img loading=\"lazy\" decoding=\"async\" class=\"alignnone size-medium wp-image-3119\" src=\"https:\/\/clickcarangola.com.br\/site\/wp-content\/uploads\/2012\/01\/Proerd_13-300x201.jpg\" alt=\"\" width=\"300\" height=\"226\" \/><\/span><\/p>\n<p style=\"text-align: justify;\"><span style=\"color: #888888;\">Informa\u00e7\u00f5es: Heigon Henrique\/PM.<\/span><\/p>\n<p style=\"text-align: justify;\"><strong><span style=\"color: #888888;\">Por: Click Carangola<\/span><\/strong><\/p>\n","protected":false},"excerpt":{"rendered":"<p>O Proerd (Programa Educacional de Resist\u00eancia \u00e0s Drogas) \u00e9 uma iniciativa da Pol\u00edcia Militar de Minas Gerais, com base no projeto D.a.r.e (Drug abuse resistence education) implantado em Los Angeles, Estados Unidos, em 1983, presente, atualmente, em 60 pa\u00edses, sendo uma realidade tamb\u00e9m na cidade de Carangola e nas demais cidades que compoem a sub\u00e1rea [&hellip;]<\/p>\n","protected":false},"author":2,"featured_media":0,"comment_status":"open","ping_status":"open","sticky":false,"template":"","format":"standard","meta":{"footnotes":""},"categories":[37,43,46,47,53,54,55,56],"tags":[],"class_list":["post-3101","post","type-post","status-publish","format-standard","hentry","category-carangola-mg","category-divino-mg","category-farialemos-mg","category-fervedouro-mg","category-orizania-mg","category-pedradourada-mg","category-saofranciscodogloria-mg","category-tombos-mg"],"_links":{"self":[{"href":"https:\/\/clickcarangola.com.br\/site\/wp-json\/wp\/v2\/posts\/3101","targetHints":{"allow":["GET"]}}],"collection":[{"href":"https:\/\/clickcarangola.com.br\/site\/wp-json\/wp\/v2\/posts"}],"about":[{"href":"https:\/\/clickcarangola.com.br\/site\/wp-json\/wp\/v2\/types\/post"}],"author":[{"embeddable":true,"href":"https:\/\/clickcarangola.com.br\/site\/wp-json\/wp\/v2\/users\/2"}],"replies":[{"embeddable":true,"href":"https:\/\/clickcarangola.com.br\/site\/wp-json\/wp\/v2\/comments?post=3101"}],"version-history":[{"count":5,"href":"https:\/\/clickcarangola.com.br\/site\/wp-json\/wp\/v2\/posts\/3101\/revisions"}],"predecessor-version":[{"id":3103,"href":"https:\/\/clickcarangola.com.br\/site\/wp-json\/wp\/v2\/posts\/3101\/revisions\/3103"}],"wp:attachment":[{"href":"https:\/\/clickcarangola.com.br\/site\/wp-json\/wp\/v2\/media?parent=3101"}],"wp:term":[{"taxonomy":"category","embeddable":true,"href":"https:\/\/clickcarangola.com.br\/site\/wp-json\/wp\/v2\/categories?post=3101"},{"taxonomy":"post_tag","embeddable":true,"href":"https:\/\/clickcarangola.com.br\/site\/wp-json\/wp\/v2\/tags?post=3101"}],"curies":[{"name":"wp","href":"https:\/\/api.w.org\/{rel}","templated":true}]}}