{"id":31150,"date":"2017-10-21T07:00:09","date_gmt":"2017-10-21T10:00:09","guid":{"rendered":"https:\/\/clickcarangola.com.br\/site\/?p=31150"},"modified":"2017-10-21T17:40:57","modified_gmt":"2017-10-21T20:40:57","slug":"dupla-e-detida-por-envolvimento-em-furto-a-residencia-em-faria-lemos","status":"publish","type":"post","link":"https:\/\/clickcarangola.com.br\/site\/21\/10\/2017\/dupla-e-detida-por-envolvimento-em-furto-a-residencia-em-faria-lemos\/","title":{"rendered":"Dupla \u00e9 detida por envolvimento em furto a resid\u00eancia em Faria Lemos"},"content":{"rendered":"<p><img loading=\"lazy\" decoding=\"async\" class=\"alignleft size-full wp-image-31154\" src=\"https:\/\/clickcarangola.com.br\/site\/wp-content\/uploads\/2017\/10\/Dupla-\u00e9-detida-01-1.jpg\" alt=\"\" width=\"300\" height=\"226\" \/>FARIA LEMOS &#8211; Um jovem de 22 anos e um adolescente de 17 foram detidos pela Pol\u00edcia Militar (PM), no munic\u00edpio de Faria Lemos (12 km de Carangola), suspeitos de envolvimento em um furto a resid\u00eancia ocorrido na cidade.<\/p>\n<p>Os militares recuperaram uma TV, um aparelho de som, al\u00e9m de uma furadeira e ferramentas, e conduziram a dupla para o plant\u00e3o da Delegacia Regional, em Muria\u00e9.<!--more--><\/p>\n<p>Em entrevista, o PM sargento Queiroz relatou que o menor foi abordado ap\u00f3s den\u00fancias de que ele estaria tentando vender a furadeira e uma trena. Conforme o sargento, o adolescente confessou o furto, revelando que metade do material estaria no mato e que o restante estava na resid\u00eancia do outro rapaz detido, onde a TV e o som foram encontrados escondidos dentro de uma caixa d\u2019\u00e1gua no terra\u00e7o.<\/p>\n<p>Segundo o Boletim de Ocorr\u00eancia da PM, o menor disse que cometeu o furto em dupla, a &#8220;convite&#8221; de um jovem adulto que n\u00e3o foi localizado.<\/p>\n<p><strong>Confira as imagens:<\/strong><\/p>\n<p><img loading=\"lazy\" decoding=\"async\" src=\"https:\/\/clickcarangola.com.br\/site\/wp-content\/uploads\/2017\/10\/Dupla-\u00e9-detida-02-1.jpg\" alt=\"\" width=\"400\" height=\"300\" \/><br \/>\n<img loading=\"lazy\" decoding=\"async\" src=\"https:\/\/clickcarangola.com.br\/site\/wp-content\/uploads\/2017\/10\/Dupla-\u00e9-detida-03.jpg\" alt=\"\" width=\"400\" height=\"300\" \/><\/p>\n<p><strong>Por: Click Carangola<\/strong> | Com informa\u00e7\u00f5es da PM e R\u00e1dio Muria\u00e9.<\/p>\n","protected":false},"excerpt":{"rendered":"<p>FARIA LEMOS &#8211; Um jovem de 22 anos e um adolescente de 17 foram detidos pela Pol\u00edcia Militar (PM), no munic\u00edpio de Faria Lemos (12 km de Carangola), suspeitos de envolvimento em um furto a resid\u00eancia ocorrido na cidade. Os militares recuperaram uma TV, um aparelho de som, al\u00e9m de uma furadeira e ferramentas, e [&hellip;]<\/p>\n","protected":false},"author":2,"featured_media":0,"comment_status":"open","ping_status":"open","sticky":false,"template":"","format":"standard","meta":{"footnotes":""},"categories":[46],"tags":[],"class_list":["post-31150","post","type-post","status-publish","format-standard","hentry","category-farialemos-mg"],"_links":{"self":[{"href":"https:\/\/clickcarangola.com.br\/site\/wp-json\/wp\/v2\/posts\/31150","targetHints":{"allow":["GET"]}}],"collection":[{"href":"https:\/\/clickcarangola.com.br\/site\/wp-json\/wp\/v2\/posts"}],"about":[{"href":"https:\/\/clickcarangola.com.br\/site\/wp-json\/wp\/v2\/types\/post"}],"author":[{"embeddable":true,"href":"https:\/\/clickcarangola.com.br\/site\/wp-json\/wp\/v2\/users\/2"}],"replies":[{"embeddable":true,"href":"https:\/\/clickcarangola.com.br\/site\/wp-json\/wp\/v2\/comments?post=31150"}],"version-history":[{"count":6,"href":"https:\/\/clickcarangola.com.br\/site\/wp-json\/wp\/v2\/posts\/31150\/revisions"}],"predecessor-version":[{"id":31159,"href":"https:\/\/clickcarangola.com.br\/site\/wp-json\/wp\/v2\/posts\/31150\/revisions\/31159"}],"wp:attachment":[{"href":"https:\/\/clickcarangola.com.br\/site\/wp-json\/wp\/v2\/media?parent=31150"}],"wp:term":[{"taxonomy":"category","embeddable":true,"href":"https:\/\/clickcarangola.com.br\/site\/wp-json\/wp\/v2\/categories?post=31150"},{"taxonomy":"post_tag","embeddable":true,"href":"https:\/\/clickcarangola.com.br\/site\/wp-json\/wp\/v2\/tags?post=31150"}],"curies":[{"name":"wp","href":"https:\/\/api.w.org\/{rel}","templated":true}]}}