{"id":31228,"date":"2017-10-26T18:00:04","date_gmt":"2017-10-26T21:00:04","guid":{"rendered":"https:\/\/clickcarangola.com.br\/site\/?p=31228"},"modified":"2017-10-28T14:00:05","modified_gmt":"2017-10-28T17:00:05","slug":"advogado-morre-em-acidente-na-br-262-em-reduto","status":"publish","type":"post","link":"https:\/\/clickcarangola.com.br\/site\/26\/10\/2017\/advogado-morre-em-acidente-na-br-262-em-reduto\/","title":{"rendered":"Advogado morre em acidente na BR-262 em Reduto"},"content":{"rendered":"<p><img loading=\"lazy\" decoding=\"async\" class=\"alignleft size-full wp-image-31229\" src=\"https:\/\/clickcarangola.com.br\/site\/wp-content\/uploads\/2017\/10\/Advogado-morre-01.jpg\" alt=\"\" width=\"300\" height=\"226\" \/>REDUTO &#8211; O advogado Bruno Cordeiro Lino Pereira, de 35 anos, morreu num acidente no trecho do km 29 da BR-262, na sa\u00edda de Reduto sentido Martins Soares, no final da tarde desta quinta-feira (26\/10).<\/p>\n<p>A princ\u00edpio houve uma colis\u00e3o lateral. Aparentemente, o advogado teria parado no acostamento para fazer um retorno para o trevo de Reduto. Na hora em que iniciou a manobra, foi atingido na lateral pelo Golf, que vinha no mesmo sentido, atr\u00e1s dele.<!--more--><\/p>\n<p>O Policial Rodovi\u00e1rio Federal Vasconcelos explicou que somente a per\u00edcia vai poder precisar como foi a din\u00e2mica do acidente e esclarecer como tudo aconteceu.<\/p>\n<p>Bruno Cordeiro era advogado e morava em Alto Jequitib\u00e1. Ele estava sozinho num Ford New Fiesta. &#8220;As primeiras informa\u00e7\u00f5es d\u00e3o conta de que o condutor do Fiesta realizava uma convers\u00e3o na pista quanto foi atingido na lateral pelo Golf. Infelizmente, ele morreu na hora. Devemos esperar o laudo conclusivo da per\u00edcia&#8221;, lamenta o Policial Rodovi\u00e1rio Federal C\u00e9lio de Vasconcelos.<\/p>\n<p>De acordo com o registro da Pol\u00edcia Rodovi\u00e1ria Federal, a colis\u00e3o envolveu um Golf com placa de\u00a0Manhua\u00e7u\u00a0conduzido por Giovane da Silva, com ele tamb\u00e9m estava um passageiro. Os dois foram socorridos \u00e0 UPA (Unidade de Pronto Atendimento) de\u00a0Manhua\u00e7u, pelo Corpo de Bombeiros. Uma ambul\u00e2ncia do Munic\u00edpio de Lajinha passava pelo local e deu auxilio no transporte de um dos feridos.<\/p>\n<p>O corpo de Bruno foi liberado para a Funer\u00e1ria Em Vida e levado para o IML de\u00a0Manhua\u00e7u.<\/p>\n<p>O Presidente da 54\u00aa Subse\u00e7\u00e3o da OAB\/Manhua\u00e7u\u00a0do Alex Barbosa emitiu uma nota de pesar pela morte do advogado.<\/p>\n<p>A 229\u00aa Subse\u00e7\u00e3o da OAB\/MG &#8211;\u00a0Manhumirim\u00a0tamb\u00e9m divulgou nota de pesar: &#8220;Neste momento de dor e consterna\u00e7\u00e3o, s\u00f3 nos cabe pedir a Deus que d\u00ea conforto \u00e0 sua fam\u00edlia para que possa enfrentar esta imensur\u00e1vel dor com serenidade, em especial \u00e0 sua m\u00e3e, Dra. Enilda Cordeiro Lino Pereira.<\/p>\n<p>Agradecemos imensamente o tempo que pudemos conviver com ele, que ser\u00e1 sempre lembrado pelo profissionalismo, honestidade, lealdade, intelig\u00eancia, compet\u00eancia e sensibilidade para lidar com as adversidades e conflitos humanos e da advocacia. Devemos sempre lembrar que Deus quer ao seu lado os melhores, e com certeza o nosso amigo j\u00e1 est\u00e1 ao lado do Senhor&#8221;.<\/p>\n<p>O corpo est\u00e1 sendo velado no Pavilh\u00e3o da Igreja Presbiteriana de Alto Jequitib\u00e1, e ser\u00e1 sepultado nesta sexta-feira (27 de outubro), \u00e0s 17 horas, no cemit\u00e9rio municipal de Alto Jequitib\u00e1.<\/p>\n<p><strong>Confira as imagens:<\/strong><\/p>\n<p><img loading=\"lazy\" decoding=\"async\" src=\"https:\/\/clickcarangola.com.br\/site\/wp-content\/uploads\/2017\/10\/Advogado-morre-02.jpg\" alt=\"\" width=\"400\" height=\"300\" \/><br \/>\n<img loading=\"lazy\" decoding=\"async\" src=\"https:\/\/clickcarangola.com.br\/site\/wp-content\/uploads\/2017\/10\/Advogado-morre-03.jpg\" alt=\"\" width=\"400\" height=\"300\" \/><br \/>\n<img loading=\"lazy\" decoding=\"async\" src=\"https:\/\/clickcarangola.com.br\/site\/wp-content\/uploads\/2017\/10\/Advogado-morre-04.jpg\" alt=\"\" width=\"400\" height=\"300\" \/><br \/>\n<img loading=\"lazy\" decoding=\"async\" src=\"https:\/\/clickcarangola.com.br\/site\/wp-content\/uploads\/2017\/10\/Advogado-morre-05.jpg\" alt=\"\" width=\"400\" height=\"300\" \/><br \/>\n<img loading=\"lazy\" decoding=\"async\" src=\"https:\/\/clickcarangola.com.br\/site\/wp-content\/uploads\/2017\/10\/Advogado-morre-06.jpg\" alt=\"\" width=\"400\" height=\"300\" \/><\/p>\n<p><strong>Por: Click Carangola<\/strong> | Com informa\u00e7\u00f5es P. Capara\u00f3.<\/p>\n","protected":false},"excerpt":{"rendered":"<p>REDUTO &#8211; O advogado Bruno Cordeiro Lino Pereira, de 35 anos, morreu num acidente no trecho do km 29 da BR-262, na sa\u00edda de Reduto sentido Martins Soares, no final da tarde desta quinta-feira (26\/10). A princ\u00edpio houve uma colis\u00e3o lateral. Aparentemente, o advogado teria parado no acostamento para fazer um retorno para o trevo [&hellip;]<\/p>\n","protected":false},"author":2,"featured_media":0,"comment_status":"open","ping_status":"open","sticky":false,"template":"","format":"standard","meta":{"footnotes":""},"categories":[40,1],"tags":[],"class_list":["post-31228","post","type-post","status-publish","format-standard","hentry","category-altojequitiba-mg","category-regional"],"_links":{"self":[{"href":"https:\/\/clickcarangola.com.br\/site\/wp-json\/wp\/v2\/posts\/31228","targetHints":{"allow":["GET"]}}],"collection":[{"href":"https:\/\/clickcarangola.com.br\/site\/wp-json\/wp\/v2\/posts"}],"about":[{"href":"https:\/\/clickcarangola.com.br\/site\/wp-json\/wp\/v2\/types\/post"}],"author":[{"embeddable":true,"href":"https:\/\/clickcarangola.com.br\/site\/wp-json\/wp\/v2\/users\/2"}],"replies":[{"embeddable":true,"href":"https:\/\/clickcarangola.com.br\/site\/wp-json\/wp\/v2\/comments?post=31228"}],"version-history":[{"count":2,"href":"https:\/\/clickcarangola.com.br\/site\/wp-json\/wp\/v2\/posts\/31228\/revisions"}],"predecessor-version":[{"id":31236,"href":"https:\/\/clickcarangola.com.br\/site\/wp-json\/wp\/v2\/posts\/31228\/revisions\/31236"}],"wp:attachment":[{"href":"https:\/\/clickcarangola.com.br\/site\/wp-json\/wp\/v2\/media?parent=31228"}],"wp:term":[{"taxonomy":"category","embeddable":true,"href":"https:\/\/clickcarangola.com.br\/site\/wp-json\/wp\/v2\/categories?post=31228"},{"taxonomy":"post_tag","embeddable":true,"href":"https:\/\/clickcarangola.com.br\/site\/wp-json\/wp\/v2\/tags?post=31228"}],"curies":[{"name":"wp","href":"https:\/\/api.w.org\/{rel}","templated":true}]}}