{"id":32605,"date":"2018-02-13T07:00:54","date_gmt":"2018-02-13T10:00:54","guid":{"rendered":"https:\/\/clickcarangola.com.br\/site\/?p=32605"},"modified":"2018-02-13T11:18:04","modified_gmt":"2018-02-13T14:18:04","slug":"pm-de-orizania-prende-jovem-em-festa-de-carnaval-com-revolver-no-bolso","status":"publish","type":"post","link":"https:\/\/clickcarangola.com.br\/site\/13\/02\/2018\/pm-de-orizania-prende-jovem-em-festa-de-carnaval-com-revolver-no-bolso\/","title":{"rendered":"PM de Oriz\u00e2nia prende jovem em festa de carnaval com rev\u00f3lver no bolso"},"content":{"rendered":"<p><img loading=\"lazy\" decoding=\"async\" class=\"alignleft size-full wp-image-32606\" src=\"https:\/\/clickcarangola.com.br\/site\/wp-content\/uploads\/2018\/02\/PM-prende.jpg\" alt=\"\" width=\"300\" height=\"226\" srcset=\"https:\/\/clickcarangola.com.br\/site\/wp-content\/uploads\/2018\/02\/PM-prende.jpg 600w, https:\/\/clickcarangola.com.br\/site\/wp-content\/uploads\/2018\/02\/PM-prende-300x225.jpg 300w, https:\/\/clickcarangola.com.br\/site\/wp-content\/uploads\/2018\/02\/PM-prende-100x75.jpg 100w\" sizes=\"auto, (max-width: 300px) 100vw, 300px\" \/>ORIZ\u00c2NIA &#8211; Um jovem de 18 anos foi preso na madrugada desta ter\u00e7a-feira (13) por porte ilegal de arma de fogo. <strong>[ Participe\u00a0e contribua para nossa p\u00e1gina! &gt;&gt;&gt; ]<\/strong><\/p>\n<p>O autor estava armado com um rev\u00f3lver em uma festividade de carnaval na Pra\u00e7a Dimas Martins Viana, no Centro do munic\u00edpio de Oriz\u00e2nia (cerca de 51 km de Carangola).\u00a0<!--more--><\/p>\n<p>Segundo o Boletim de Ocorr\u00eancia (BO), os militares faziam o policiamento da festa quando avistaram o jovem caminhando na dire\u00e7\u00e3o deles. Ao perceber a presen\u00e7a dos policiais o suspeito mudou seu percurso e demonstrou nervosismo.<\/p>\n<p>Os militares desconfiaram do jovem, perseguiram e o abordaram. Durante revista pessoal os policiais encontraram no bolso de sua cal\u00e7a um rev\u00f3lver calibre 22, sem muni\u00e7\u00e3o.<\/p>\n<p>Ainda de acordo com a PM, o autor disse que adquiriu a arma por R$ 600 (seiscentos reais), mas n\u00e3o soube informar onde havia comprado.<\/p>\n<p>O jovem foi preso e conduzido para a Delegacia de plant\u00e3o da Pol\u00edcia Civil de Muria\u00e9, onde foi registrada a ocorr\u00eancia.<\/p>\n<p><strong>Por: Click Carangola<\/strong> | Com informa\u00e7\u00f5es da PM e R\u00e1dio Muria\u00e9.<\/p>\n","protected":false},"excerpt":{"rendered":"<p>ORIZ\u00c2NIA &#8211; Um jovem de 18 anos foi preso na madrugada desta ter\u00e7a-feira (13) por porte ilegal de arma de fogo. [ Participe\u00a0e contribua para nossa p\u00e1gina! &gt;&gt;&gt; ] O autor estava armado com um rev\u00f3lver em uma festividade de carnaval na Pra\u00e7a Dimas Martins Viana, no Centro do munic\u00edpio de Oriz\u00e2nia (cerca de 51 [&hellip;]<\/p>\n","protected":false},"author":2,"featured_media":0,"comment_status":"open","ping_status":"open","sticky":false,"template":"","format":"standard","meta":{"footnotes":""},"categories":[53],"tags":[],"class_list":["post-32605","post","type-post","status-publish","format-standard","hentry","category-orizania-mg"],"_links":{"self":[{"href":"https:\/\/clickcarangola.com.br\/site\/wp-json\/wp\/v2\/posts\/32605","targetHints":{"allow":["GET"]}}],"collection":[{"href":"https:\/\/clickcarangola.com.br\/site\/wp-json\/wp\/v2\/posts"}],"about":[{"href":"https:\/\/clickcarangola.com.br\/site\/wp-json\/wp\/v2\/types\/post"}],"author":[{"embeddable":true,"href":"https:\/\/clickcarangola.com.br\/site\/wp-json\/wp\/v2\/users\/2"}],"replies":[{"embeddable":true,"href":"https:\/\/clickcarangola.com.br\/site\/wp-json\/wp\/v2\/comments?post=32605"}],"version-history":[{"count":11,"href":"https:\/\/clickcarangola.com.br\/site\/wp-json\/wp\/v2\/posts\/32605\/revisions"}],"predecessor-version":[{"id":32628,"href":"https:\/\/clickcarangola.com.br\/site\/wp-json\/wp\/v2\/posts\/32605\/revisions\/32628"}],"wp:attachment":[{"href":"https:\/\/clickcarangola.com.br\/site\/wp-json\/wp\/v2\/media?parent=32605"}],"wp:term":[{"taxonomy":"category","embeddable":true,"href":"https:\/\/clickcarangola.com.br\/site\/wp-json\/wp\/v2\/categories?post=32605"},{"taxonomy":"post_tag","embeddable":true,"href":"https:\/\/clickcarangola.com.br\/site\/wp-json\/wp\/v2\/tags?post=32605"}],"curies":[{"name":"wp","href":"https:\/\/api.w.org\/{rel}","templated":true}]}}