{"id":3273,"date":"2012-01-12T15:51:27","date_gmt":"2012-01-12T18:51:27","guid":{"rendered":"https:\/\/clickcarangola.com.br\/site\/?p=3273"},"modified":"2012-01-12T16:34:04","modified_gmt":"2012-01-12T19:34:04","slug":"festa-em-comemoracao-aos-130-anos-de-carangola-tem-nova-data-marcada","status":"publish","type":"post","link":"https:\/\/clickcarangola.com.br\/site\/12\/01\/2012\/festa-em-comemoracao-aos-130-anos-de-carangola-tem-nova-data-marcada\/","title":{"rendered":"Festa em comemora\u00e7\u00e3o aos 130 anos de Carangola tem nova data marcada"},"content":{"rendered":"<p style=\"text-align: justify;\"><span style=\"color: #888888;\"><img loading=\"lazy\" decoding=\"async\" class=\"size-medium wp-image-3274 alignleft\" src=\"https:\/\/clickcarangola.com.br\/site\/wp-content\/uploads\/2012\/01\/Anivers\u00e1rio-130-300x210.jpg\" alt=\"\" width=\"300\" height=\"210\" srcset=\"https:\/\/clickcarangola.com.br\/site\/wp-content\/uploads\/2012\/01\/Anivers\u00e1rio-130-300x210.jpg 300w, https:\/\/clickcarangola.com.br\/site\/wp-content\/uploads\/2012\/01\/Anivers\u00e1rio-130.jpg 320w\" sizes=\"auto, (max-width: 300px) 100vw, 300px\" \/>A Prefeitura Municipal de Carangola anunciou as novas datas para realiza\u00e7\u00e3o da festa em comemora\u00e7\u00e3o ao anivers\u00e1rio de 130 anos\u00a0da cidade. O evento ser\u00e1 realizado no Parque de Exposi\u00e7\u00f5es de Carangola nos dias\u00a020, 21 e\u00a022 de janeiro. O show principal \u00e9 a banda de rock Nx Zero.<!--more--><\/span><\/p>\n<p style=\"text-align: justify;\"><span style=\"color: #888888;\">Confira a programa\u00e7\u00e3o completa!<\/span><\/p>\n<p><span style=\"color: #888888;\">Sexta-feira \u2013\u00a020 de Janeiro<\/span><\/p>\n<p><span style=\"color: #888888;\">22h Simples Samba.<\/span><br \/>\n<span style=\"color: #888888;\">00h Beto Kau\u00ea.<\/span><br \/>\n<span style=\"color: #888888;\">02h Caldeir\u00e3o Sertanejo.<\/span><\/p>\n<p><span style=\"color: #888888;\">S\u00e1bado \u2013\u00a021 de Janeiro<\/span><\/p>\n<p><span style=\"color: #888888;\">22h \u2013 Murilo Rodrigues.<\/span><br \/>\n<span style=\"color: #888888;\">00h \u2013 NX ZERO.<\/span><br \/>\n<span style=\"color: #888888;\">02h \u2013 Su\u00edte Bord\u00f4.<\/span><\/p>\n<p><span style=\"color: #888888;\">Domingo\u00a0\u2013\u00a022 de Janeiro<\/span><\/p>\n<p><span style=\"color: #888888;\">2oh \u2013 Beijo Apimentado.<\/span><\/p>\n<p style=\"text-align: justify;\"><span style=\"color: #888888;\"><strong>Por: Click Carangola<\/strong><\/span><\/p>\n","protected":false},"excerpt":{"rendered":"<p>A Prefeitura Municipal de Carangola anunciou as novas datas para realiza\u00e7\u00e3o da festa em comemora\u00e7\u00e3o ao anivers\u00e1rio de 130 anos\u00a0da cidade. O evento ser\u00e1 realizado no Parque de Exposi\u00e7\u00f5es de Carangola nos dias\u00a020, 21 e\u00a022 de janeiro. O show principal \u00e9 a banda de rock Nx Zero.<\/p>\n","protected":false},"author":2,"featured_media":0,"comment_status":"open","ping_status":"open","sticky":false,"template":"","format":"standard","meta":{"footnotes":""},"categories":[37],"tags":[],"class_list":["post-3273","post","type-post","status-publish","format-standard","hentry","category-carangola-mg"],"_links":{"self":[{"href":"https:\/\/clickcarangola.com.br\/site\/wp-json\/wp\/v2\/posts\/3273","targetHints":{"allow":["GET"]}}],"collection":[{"href":"https:\/\/clickcarangola.com.br\/site\/wp-json\/wp\/v2\/posts"}],"about":[{"href":"https:\/\/clickcarangola.com.br\/site\/wp-json\/wp\/v2\/types\/post"}],"author":[{"embeddable":true,"href":"https:\/\/clickcarangola.com.br\/site\/wp-json\/wp\/v2\/users\/2"}],"replies":[{"embeddable":true,"href":"https:\/\/clickcarangola.com.br\/site\/wp-json\/wp\/v2\/comments?post=3273"}],"version-history":[{"count":4,"href":"https:\/\/clickcarangola.com.br\/site\/wp-json\/wp\/v2\/posts\/3273\/revisions"}],"predecessor-version":[{"id":3276,"href":"https:\/\/clickcarangola.com.br\/site\/wp-json\/wp\/v2\/posts\/3273\/revisions\/3276"}],"wp:attachment":[{"href":"https:\/\/clickcarangola.com.br\/site\/wp-json\/wp\/v2\/media?parent=3273"}],"wp:term":[{"taxonomy":"category","embeddable":true,"href":"https:\/\/clickcarangola.com.br\/site\/wp-json\/wp\/v2\/categories?post=3273"},{"taxonomy":"post_tag","embeddable":true,"href":"https:\/\/clickcarangola.com.br\/site\/wp-json\/wp\/v2\/tags?post=3273"}],"curies":[{"name":"wp","href":"https:\/\/api.w.org\/{rel}","templated":true}]}}