{"id":3296,"date":"2012-01-14T08:00:16","date_gmt":"2012-01-14T11:00:16","guid":{"rendered":"https:\/\/clickcarangola.com.br\/site\/?p=3296"},"modified":"2012-01-14T17:44:37","modified_gmt":"2012-01-14T20:44:37","slug":"prefeitura-de-carangola-confirma-a-realizacao-do-concurso","status":"publish","type":"post","link":"https:\/\/clickcarangola.com.br\/site\/14\/01\/2012\/prefeitura-de-carangola-confirma-a-realizacao-do-concurso\/","title":{"rendered":"Prefeitura de Carangola confirma a realiza\u00e7\u00e3o do Concurso P\u00fablico"},"content":{"rendered":"<p style=\"text-align: justify;\"><span style=\"color: #888888;\"><img loading=\"lazy\" decoding=\"async\" class=\"alignleft\" src=\"https:\/\/clickcarangola.com.br\/site\/wp-content\/uploads\/2011\/12\/Carangola.jpg\" alt=\"\" width=\"125\" height=\"125\" \/>O secret\u00e1rio de administra\u00e7\u00e3o do Munic\u00edpio, Ant\u00f4nio Carlos Mansur e o assessor jur\u00eddico do Munic\u00edpio, Dr. Fl\u00e1vio Carvalho Tom\u00e9, comunicam que nem a Prefeitura de Carangola, nem o IDECAN &#8211; Instituto de Desenvolvimento Educacional, Cultural e Assistencial Nacional &#8211; respons\u00e1vel pelo Concurso, N\u00c3O receberam NENHUMA NOTIFICA\u00c7\u00c3O\u00a0do Ju\u00edz da Comarca, impedindo a realiza\u00e7\u00e3o das provas nesse domingo pr\u00f3ximo, 15 DE JANEIRO DE 2012, \u00e0 partir das 9:00 horas.<\/span><\/p>\n<p style=\"text-align: justify;\"><span style=\"color: #888888;\">Toda e qualquer informa\u00e7\u00e3o contr\u00e1ria, inclusive em blogs n\u00e3o oficiais, n\u00e3o passam de boatos importunos e mau\u00a0intencionados.<\/span><\/p>\n<p style=\"text-align: justify;\"><span style=\"color: #888888;\">Informa\u00e7\u00f5es: Assessoria.<\/span><\/p>\n<p style=\"text-align: justify;\"><strong><span style=\"color: #888888;\">Por: Click Carangola<\/span><\/strong><\/p>\n","protected":false},"excerpt":{"rendered":"<p>O secret\u00e1rio de administra\u00e7\u00e3o do Munic\u00edpio, Ant\u00f4nio Carlos Mansur e o assessor jur\u00eddico do Munic\u00edpio, Dr. Fl\u00e1vio Carvalho Tom\u00e9, comunicam que nem a Prefeitura de Carangola, nem o IDECAN &#8211; Instituto de Desenvolvimento Educacional, Cultural e Assistencial Nacional &#8211; respons\u00e1vel pelo Concurso, N\u00c3O receberam NENHUMA NOTIFICA\u00c7\u00c3O\u00a0do Ju\u00edz da Comarca, impedindo a realiza\u00e7\u00e3o das provas nesse [&hellip;]<\/p>\n","protected":false},"author":2,"featured_media":0,"comment_status":"open","ping_status":"open","sticky":false,"template":"","format":"standard","meta":{"footnotes":""},"categories":[37],"tags":[],"class_list":["post-3296","post","type-post","status-publish","format-standard","hentry","category-carangola-mg"],"_links":{"self":[{"href":"https:\/\/clickcarangola.com.br\/site\/wp-json\/wp\/v2\/posts\/3296","targetHints":{"allow":["GET"]}}],"collection":[{"href":"https:\/\/clickcarangola.com.br\/site\/wp-json\/wp\/v2\/posts"}],"about":[{"href":"https:\/\/clickcarangola.com.br\/site\/wp-json\/wp\/v2\/types\/post"}],"author":[{"embeddable":true,"href":"https:\/\/clickcarangola.com.br\/site\/wp-json\/wp\/v2\/users\/2"}],"replies":[{"embeddable":true,"href":"https:\/\/clickcarangola.com.br\/site\/wp-json\/wp\/v2\/comments?post=3296"}],"version-history":[{"count":5,"href":"https:\/\/clickcarangola.com.br\/site\/wp-json\/wp\/v2\/posts\/3296\/revisions"}],"predecessor-version":[{"id":3322,"href":"https:\/\/clickcarangola.com.br\/site\/wp-json\/wp\/v2\/posts\/3296\/revisions\/3322"}],"wp:attachment":[{"href":"https:\/\/clickcarangola.com.br\/site\/wp-json\/wp\/v2\/media?parent=3296"}],"wp:term":[{"taxonomy":"category","embeddable":true,"href":"https:\/\/clickcarangola.com.br\/site\/wp-json\/wp\/v2\/categories?post=3296"},{"taxonomy":"post_tag","embeddable":true,"href":"https:\/\/clickcarangola.com.br\/site\/wp-json\/wp\/v2\/tags?post=3296"}],"curies":[{"name":"wp","href":"https:\/\/api.w.org\/{rel}","templated":true}]}}