{"id":32971,"date":"2018-03-14T12:00:34","date_gmt":"2018-03-14T15:00:34","guid":{"rendered":"https:\/\/clickcarangola.com.br\/site\/?p=32971"},"modified":"2018-03-14T16:20:43","modified_gmt":"2018-03-14T19:20:43","slug":"caminhao-sai-da-pista-e-capota-pasto-abaixo-em-sao-francisco-do-gloria","status":"publish","type":"post","link":"https:\/\/clickcarangola.com.br\/site\/14\/03\/2018\/caminhao-sai-da-pista-e-capota-pasto-abaixo-em-sao-francisco-do-gloria\/","title":{"rendered":"Caminh\u00e3o sai da pista e capota pasto abaixo, em S\u00e3o Francisco do Gl\u00f3ria"},"content":{"rendered":"<p><img loading=\"lazy\" decoding=\"async\" class=\"alignleft size-full wp-image-32973\" src=\"https:\/\/clickcarangola.com.br\/site\/wp-content\/uploads\/2018\/03\/Caminh\u00e3o-SFG-01.jpg\" alt=\"\" width=\"300\" height=\"226\" srcset=\"https:\/\/clickcarangola.com.br\/site\/wp-content\/uploads\/2018\/03\/Caminh\u00e3o-SFG-01.jpg 600w, https:\/\/clickcarangola.com.br\/site\/wp-content\/uploads\/2018\/03\/Caminh\u00e3o-SFG-01-300x225.jpg 300w, https:\/\/clickcarangola.com.br\/site\/wp-content\/uploads\/2018\/03\/Caminh\u00e3o-SFG-01-100x75.jpg 100w\" sizes=\"auto, (max-width: 300px) 100vw, 300px\" \/>S\u00c3O FRANCISCO DO GL\u00d3RIA &#8211; Um caminh\u00e3o carregado com cimento saiu da pista em uma curva da BR-116, na altura do munic\u00edpio de <strong>S\u00e3o Francisco do Gl\u00f3ria<\/strong>, e capotou pasto abaixo, por muitos metros, no in\u00edcio da manh\u00e3 desta quarta-feira (14).<\/p>\n<p>A carga se espalhou pelo pasto e o caminh\u00e3o teve a cabine destru\u00edda, parando de rodas para cima.<!--more--><\/p>\n<p>Apesar dos muitos danos, populares relataram que o motorista do ve\u00edculo teria sofrido apenas les\u00f5es leves.<\/p>\n<p>At\u00e9 o momento n\u00e3o h\u00e1 detalhes de como o acidente aconteceu e a Pol\u00edcia Rodovi\u00e1ria Federal (PRF) assumiu o registro da ocorr\u00eancia.<\/p>\n<p><strong>Confira as imagens:<\/strong><\/p>\n<p><img loading=\"lazy\" decoding=\"async\" src=\"https:\/\/clickcarangola.com.br\/site\/wp-content\/uploads\/2018\/03\/Caminh\u00e3o-SFG-02.jpg\" alt=\"\" width=\"400\" height=\"300\" \/><br \/>\n<img loading=\"lazy\" decoding=\"async\" src=\"https:\/\/clickcarangola.com.br\/site\/wp-content\/uploads\/2018\/03\/Caminh\u00e3o-SFG-03.jpg\" alt=\"\" width=\"400\" height=\"300\" \/><br \/>\n<img loading=\"lazy\" decoding=\"async\" src=\"https:\/\/clickcarangola.com.br\/site\/wp-content\/uploads\/2018\/03\/Caminh\u00e3o-SFG-04.jpg\" alt=\"\" width=\"400\" height=\"300\" \/><br \/>\n<img loading=\"lazy\" decoding=\"async\" src=\"https:\/\/clickcarangola.com.br\/site\/wp-content\/uploads\/2018\/03\/Caminh\u00e3o-SFG-05.jpg\" alt=\"\" width=\"400\" height=\"300\" \/><\/p>\n<p><strong>Por: Click Carangola<\/strong> | Com informa\u00e7\u00f5es Paulo Roberto e R\u00e1dio Muria\u00e9.<\/p>\n","protected":false},"excerpt":{"rendered":"<p>S\u00c3O FRANCISCO DO GL\u00d3RIA &#8211; Um caminh\u00e3o carregado com cimento saiu da pista em uma curva da BR-116, na altura do munic\u00edpio de S\u00e3o Francisco do Gl\u00f3ria, e capotou pasto abaixo, por muitos metros, no in\u00edcio da manh\u00e3 desta quarta-feira (14). A carga se espalhou pelo pasto e o caminh\u00e3o teve a cabine destru\u00edda, parando [&hellip;]<\/p>\n","protected":false},"author":2,"featured_media":0,"comment_status":"open","ping_status":"open","sticky":false,"template":"","format":"standard","meta":{"footnotes":""},"categories":[55],"tags":[],"class_list":["post-32971","post","type-post","status-publish","format-standard","hentry","category-saofranciscodogloria-mg"],"_links":{"self":[{"href":"https:\/\/clickcarangola.com.br\/site\/wp-json\/wp\/v2\/posts\/32971","targetHints":{"allow":["GET"]}}],"collection":[{"href":"https:\/\/clickcarangola.com.br\/site\/wp-json\/wp\/v2\/posts"}],"about":[{"href":"https:\/\/clickcarangola.com.br\/site\/wp-json\/wp\/v2\/types\/post"}],"author":[{"embeddable":true,"href":"https:\/\/clickcarangola.com.br\/site\/wp-json\/wp\/v2\/users\/2"}],"replies":[{"embeddable":true,"href":"https:\/\/clickcarangola.com.br\/site\/wp-json\/wp\/v2\/comments?post=32971"}],"version-history":[{"count":6,"href":"https:\/\/clickcarangola.com.br\/site\/wp-json\/wp\/v2\/posts\/32971\/revisions"}],"predecessor-version":[{"id":32982,"href":"https:\/\/clickcarangola.com.br\/site\/wp-json\/wp\/v2\/posts\/32971\/revisions\/32982"}],"wp:attachment":[{"href":"https:\/\/clickcarangola.com.br\/site\/wp-json\/wp\/v2\/media?parent=32971"}],"wp:term":[{"taxonomy":"category","embeddable":true,"href":"https:\/\/clickcarangola.com.br\/site\/wp-json\/wp\/v2\/categories?post=32971"},{"taxonomy":"post_tag","embeddable":true,"href":"https:\/\/clickcarangola.com.br\/site\/wp-json\/wp\/v2\/tags?post=32971"}],"curies":[{"name":"wp","href":"https:\/\/api.w.org\/{rel}","templated":true}]}}