{"id":33022,"date":"2018-03-19T08:00:59","date_gmt":"2018-03-19T11:00:59","guid":{"rendered":"https:\/\/clickcarangola.com.br\/site\/?p=33022"},"modified":"2018-03-19T17:57:49","modified_gmt":"2018-03-19T20:57:49","slug":"carreta-carregada-com-material-reciclavel-tomba-em-sao-francisco-do-gloria","status":"publish","type":"post","link":"https:\/\/clickcarangola.com.br\/site\/19\/03\/2018\/carreta-carregada-com-material-reciclavel-tomba-em-sao-francisco-do-gloria\/","title":{"rendered":"Carreta carregada com material recicl\u00e1vel tomba em S\u00e3o Francisco do Gl\u00f3ria"},"content":{"rendered":"<p><img loading=\"lazy\" decoding=\"async\" class=\"alignleft size-full wp-image-33024\" src=\"https:\/\/clickcarangola.com.br\/site\/wp-content\/uploads\/2018\/03\/Carreta-carregada-01.jpg\" alt=\"\" width=\"300\" height=\"226\" srcset=\"https:\/\/clickcarangola.com.br\/site\/wp-content\/uploads\/2018\/03\/Carreta-carregada-01.jpg 600w, https:\/\/clickcarangola.com.br\/site\/wp-content\/uploads\/2018\/03\/Carreta-carregada-01-300x225.jpg 300w, https:\/\/clickcarangola.com.br\/site\/wp-content\/uploads\/2018\/03\/Carreta-carregada-01-100x75.jpg 100w\" sizes=\"auto, (max-width: 300px) 100vw, 300px\" \/>S\u00c3O FRANCISCO DO GL\u00d3RIA &#8211; O motorista de uma carreta carregada com alum\u00ednio para reciclagem ficou preso na cabine do ve\u00edculo ap\u00f3s o mesmo tombar e bater violentamente contra um barranco, \u00e0 margem da BR-116, na altura do munic\u00edpio de <strong>S\u00e3o Francisco do Gl\u00f3ria<\/strong>.<\/p>\n<p>O acidente aconteceu na noite deste domingo (18), e a v\u00edtima foi resgatada pelo Corpo de Bombeiros e Samu, com ajuda de populares.<!--more--><\/p>\n<p>O condutor da carreta foi levado consciente para a Casa de Caridade de Carangola, por\u00e9m, n\u00e3o h\u00e1 detalhes de seu quadro de sa\u00fade.<\/p>\n<p>Policiais militares deram apoio no local, bem como a Pol\u00edcia Rodovi\u00e1ria Federal, que assumiu o registro da ocorr\u00eancia.<\/p>\n<p>Empresas especializadas foram contatadas e funcion\u00e1rios passaram a madrugada fazendo o transbordo da carga, sendo a carreta removida com uso de guinchos.<\/p>\n<p>O local j\u00e1 foi palco de diversos acidentes semelhantes, e as causas do ocorrido deste domingo (18) ser\u00e3o investigadas.<\/p>\n<p><strong>Confira as imagens:<\/strong><\/p>\n<p><img loading=\"lazy\" decoding=\"async\" src=\"https:\/\/clickcarangola.com.br\/site\/wp-content\/uploads\/2018\/03\/Carreta-carregada-01.jpg\" alt=\"\" width=\"400\" height=\"300\" \/><\/p>\n<p>O condutor ficou preso na cabine e foi resgatado pelo C. de Bombeiros e Samu, com ajuda de populares. (Fotos: Paulo Roberto da R\u00e1dio)<\/p>\n<p><img loading=\"lazy\" decoding=\"async\" src=\"https:\/\/clickcarangola.com.br\/site\/wp-content\/uploads\/2018\/03\/Carreta-carregada-02.jpg\" alt=\"\" width=\"400\" height=\"300\" \/><br \/>\n<img loading=\"lazy\" decoding=\"async\" src=\"https:\/\/clickcarangola.com.br\/site\/wp-content\/uploads\/2018\/03\/Carreta-carregada-03.jpg\" alt=\"\" width=\"400\" height=\"300\" \/><br \/>\n<img loading=\"lazy\" decoding=\"async\" src=\"https:\/\/clickcarangola.com.br\/site\/wp-content\/uploads\/2018\/03\/Carreta-carregada-04.jpg\" alt=\"\" width=\"400\" height=\"300\" \/><br \/>\n<img loading=\"lazy\" decoding=\"async\" src=\"https:\/\/clickcarangola.com.br\/site\/wp-content\/uploads\/2018\/03\/Carreta-carregada-05.jpg\" alt=\"\" width=\"400\" height=\"300\" \/><\/p>\n<p>O ve\u00edculo foi removido na manh\u00e3 desta segunda (19), ap\u00f3s o transbordo do carga.<\/p>\n<p><img loading=\"lazy\" decoding=\"async\" src=\"https:\/\/clickcarangola.com.br\/site\/wp-content\/uploads\/2018\/03\/Carreta-carregada-06.jpg\" alt=\"\" width=\"400\" height=\"300\" \/><br \/>\n<img loading=\"lazy\" decoding=\"async\" src=\"https:\/\/clickcarangola.com.br\/site\/wp-content\/uploads\/2018\/03\/Carreta-carregada-07.jpg\" alt=\"\" width=\"400\" height=\"300\" \/><\/p>\n<p><strong>Por: Click Carangola<\/strong> | Com informa\u00e7\u00f5es Paulo Roberto e R\u00e1dio Muria\u00e9.<\/p>\n","protected":false},"excerpt":{"rendered":"<p>S\u00c3O FRANCISCO DO GL\u00d3RIA &#8211; O motorista de uma carreta carregada com alum\u00ednio para reciclagem ficou preso na cabine do ve\u00edculo ap\u00f3s o mesmo tombar e bater violentamente contra um barranco, \u00e0 margem da BR-116, na altura do munic\u00edpio de S\u00e3o Francisco do Gl\u00f3ria. O acidente aconteceu na noite deste domingo (18), e a v\u00edtima [&hellip;]<\/p>\n","protected":false},"author":2,"featured_media":0,"comment_status":"open","ping_status":"open","sticky":false,"template":"","format":"standard","meta":{"footnotes":""},"categories":[55],"tags":[],"class_list":["post-33022","post","type-post","status-publish","format-standard","hentry","category-saofranciscodogloria-mg"],"_links":{"self":[{"href":"https:\/\/clickcarangola.com.br\/site\/wp-json\/wp\/v2\/posts\/33022","targetHints":{"allow":["GET"]}}],"collection":[{"href":"https:\/\/clickcarangola.com.br\/site\/wp-json\/wp\/v2\/posts"}],"about":[{"href":"https:\/\/clickcarangola.com.br\/site\/wp-json\/wp\/v2\/types\/post"}],"author":[{"embeddable":true,"href":"https:\/\/clickcarangola.com.br\/site\/wp-json\/wp\/v2\/users\/2"}],"replies":[{"embeddable":true,"href":"https:\/\/clickcarangola.com.br\/site\/wp-json\/wp\/v2\/comments?post=33022"}],"version-history":[{"count":8,"href":"https:\/\/clickcarangola.com.br\/site\/wp-json\/wp\/v2\/posts\/33022\/revisions"}],"predecessor-version":[{"id":33031,"href":"https:\/\/clickcarangola.com.br\/site\/wp-json\/wp\/v2\/posts\/33022\/revisions\/33031"}],"wp:attachment":[{"href":"https:\/\/clickcarangola.com.br\/site\/wp-json\/wp\/v2\/media?parent=33022"}],"wp:term":[{"taxonomy":"category","embeddable":true,"href":"https:\/\/clickcarangola.com.br\/site\/wp-json\/wp\/v2\/categories?post=33022"},{"taxonomy":"post_tag","embeddable":true,"href":"https:\/\/clickcarangola.com.br\/site\/wp-json\/wp\/v2\/tags?post=33022"}],"curies":[{"name":"wp","href":"https:\/\/api.w.org\/{rel}","templated":true}]}}