{"id":3388,"date":"2012-01-20T14:52:02","date_gmt":"2012-01-20T17:52:02","guid":{"rendered":"https:\/\/clickcarangola.com.br\/site\/?p=3388"},"modified":"2012-01-20T15:03:33","modified_gmt":"2012-01-20T18:03:33","slug":"carangola-tera-incentivo-a-fruticultura","status":"publish","type":"post","link":"https:\/\/clickcarangola.com.br\/site\/20\/01\/2012\/carangola-tera-incentivo-a-fruticultura\/","title":{"rendered":"Carangola ter\u00e1 Incentivo \u00e0 Fruticultura"},"content":{"rendered":"<p style=\"text-align: justify;\"><span style=\"color: #888888;\"><img loading=\"lazy\" decoding=\"async\" class=\"size-medium wp-image-3389 alignleft\" src=\"https:\/\/clickcarangola.com.br\/site\/wp-content\/uploads\/2012\/01\/pessego1-300x200.jpg\" alt=\"\" width=\"300\" height=\"226\" \/>A Prefeitura Municipal de Carangola firmou com o Minist\u00e9rio da Integra\u00e7\u00e3o Nacional\u00a0um conv\u00eanio no valor de R$ 335.000,00 para \u201cAquisi\u00e7\u00e3o de Equipamentos, Ve\u00edculos,\u00a0Mudas e Consultorias\u201d para incentivo da Fruticultura no munic\u00edpio. <\/span><\/p>\n<p style=\"text-align: justify;\"><span style=\"color: #888888;\">A publica\u00e7\u00e3o do\u00a0Conv\u00eanio assinado pelo Prefeito Patrick Drumond e o Ministro Fernando Bezerra foi\u00a0publicado no Di\u00e1rio Oficial da Uni\u00e3o no dia 18 de janeiro.<!--more--><\/span><\/p>\n<div style=\"text-align: justify;\"><span style=\"color: #888888;\">O conv\u00eanio contempla aquisi\u00e7\u00e3o de 01 caminh\u00e3o, diversos equipamentos\u00a0espec\u00edficos para a pr\u00e1tica da fruticultura, a contrata\u00e7\u00e3o de uma equipe de consultores\u00a0agr\u00edcolas, 9.000 mudas de p\u00eassego e 9.000 mudas de banana.<\/span><\/div>\n<div style=\"text-align: justify;\"><span style=\"color: #888888;\">\u00a0<\/span><\/div>\n<div style=\"text-align: justify;\"><span style=\"color: #888888;\">\u201cCarangola mostrou enorme voca\u00e7\u00e3o para fruticultura\u201d, foram as palavras do\u00a0Gerente da Mesorregi\u00e3o, Breno Figueiredo, um dos idealizadores do projeto no\u00a0munic\u00edpio. O Secret\u00e1rio de Planejamento e Projetos, Jo\u00e3o Paulo Machado colocou que\u00a0hoje a produ\u00e7\u00e3o de banana no munic\u00edpio \u00e9 alta, mas a falta de estrutura de transporte e\u00a0comercializa\u00e7\u00e3o impedem a atividade de progredir. Ele complementou que as\u00a0consultorias com os especialistas em fruticultura ir\u00e3o garantir uma melhor qualidade e\u00a0produtividade.<\/span><\/div>\n<div style=\"text-align: justify;\"><span style=\"color: #888888;\">\u00a0<\/span><\/div>\n<div style=\"text-align: justify;\"><span style=\"color: #888888;\">A cultura do P\u00eassego ser\u00e1 implantada seguindo os modelos adotados em\u00a0Porci\u00fancula e demais munic\u00edpios pr\u00f3ximos \u00e0 Carangola. Porci\u00fancula j\u00e1 possui um\u00a0galp\u00e3o de separa\u00e7\u00e3o com c\u00e2mara fria para conserva\u00e7\u00e3o do p\u00eassego, al\u00e9m de caminh\u00e3o\u00a0refrigerado para fazer as vendas. Carangola poder\u00e1 utilizar esta estrutura para poder\u00a0vender sua produ\u00e7\u00e3o. Hoje a Mesorregi\u00e3o do Itabapoana j\u00e1 \u00e9 a 3\u00aa maior produtora de\u00a0p\u00eassego do Brasil. <\/span><span style=\"color: #888888;\">\u00a0<\/span><\/div>\n<div style=\"text-align: justify;\"><span style=\"color: #888888;\">\u00a0<\/span><\/div>\n<div style=\"text-align: justify;\"><span style=\"color: #888888;\">O p\u00eassego precisa de altitude e t\u00e9cnicas apuradas para poder ser <\/span><span style=\"color: #888888;\">produzido. A cultura do p\u00eassego \u00e9 cerca de 5 vezes mais rent\u00e1vel do que a do caf\u00e9,\u00a0afirmou o diretor da Federa\u00e7\u00e3o das Ind\u00fastrias do Rio de Janeiro \u2013 FIRJAN, Sr. Ronaldo\u00a0Nogueira.<\/span><\/div>\n<div style=\"text-align: justify;\"><span style=\"color: #888888;\">\u00a0<\/span><\/div>\n<div style=\"text-align: justify;\"><span style=\"color: #888888;\">Cerca de 60 fam\u00edlias ir\u00e3o ser beneficiadas pelo projeto em Carangola. O Prefeito\u00a0Patrick disse que espera que estas fam\u00edlias possam incrementar seus rendimentos anuais\u00a0em aproximadamente R$ 20.000,00. Investimentos futuros est\u00e3o previsto como a\u00a0constru\u00e7\u00e3o de uma agroind\u00fastria familiar para beneficiamento e agrega\u00e7\u00e3o de valor aos\u00a0produtos agr\u00edcolas de Carangola. O projeto ainda conta com a participa\u00e7\u00e3o do Sindicato\u00a0dos Trabalhadores Rurais de Carangola, do CMDRS e da EMATER.<\/span><\/div>\n<div style=\"text-align: justify;\"><span style=\"color: #888888;\">\u00a0<\/span><\/div>\n<div style=\"text-align: justify;\"><span style=\"color: #888888;\">Informa\u00e7\u00f5es: Assessoria.<\/span><\/div>\n<div style=\"text-align: justify;\"><span style=\"color: #888888;\">\u00a0<\/span><\/div>\n<div style=\"text-align: justify;\"><strong><span style=\"color: #888888;\">Por: Click Carangola<\/span><\/strong><\/div>\n<div style=\"text-align: justify;\"><strong><span style=\"color: #888888;\">\u00a0<\/span><\/strong><\/div>\n","protected":false},"excerpt":{"rendered":"<p>A Prefeitura Municipal de Carangola firmou com o Minist\u00e9rio da Integra\u00e7\u00e3o Nacional\u00a0um conv\u00eanio no valor de R$ 335.000,00 para \u201cAquisi\u00e7\u00e3o de Equipamentos, Ve\u00edculos,\u00a0Mudas e Consultorias\u201d para incentivo da Fruticultura no munic\u00edpio. A publica\u00e7\u00e3o do\u00a0Conv\u00eanio assinado pelo Prefeito Patrick Drumond e o Ministro Fernando Bezerra foi\u00a0publicado no Di\u00e1rio Oficial da Uni\u00e3o no dia 18 de janeiro.<\/p>\n","protected":false},"author":2,"featured_media":0,"comment_status":"open","ping_status":"open","sticky":false,"template":"","format":"standard","meta":{"footnotes":""},"categories":[37],"tags":[],"class_list":["post-3388","post","type-post","status-publish","format-standard","hentry","category-carangola-mg"],"_links":{"self":[{"href":"https:\/\/clickcarangola.com.br\/site\/wp-json\/wp\/v2\/posts\/3388","targetHints":{"allow":["GET"]}}],"collection":[{"href":"https:\/\/clickcarangola.com.br\/site\/wp-json\/wp\/v2\/posts"}],"about":[{"href":"https:\/\/clickcarangola.com.br\/site\/wp-json\/wp\/v2\/types\/post"}],"author":[{"embeddable":true,"href":"https:\/\/clickcarangola.com.br\/site\/wp-json\/wp\/v2\/users\/2"}],"replies":[{"embeddable":true,"href":"https:\/\/clickcarangola.com.br\/site\/wp-json\/wp\/v2\/comments?post=3388"}],"version-history":[{"count":8,"href":"https:\/\/clickcarangola.com.br\/site\/wp-json\/wp\/v2\/posts\/3388\/revisions"}],"predecessor-version":[{"id":3391,"href":"https:\/\/clickcarangola.com.br\/site\/wp-json\/wp\/v2\/posts\/3388\/revisions\/3391"}],"wp:attachment":[{"href":"https:\/\/clickcarangola.com.br\/site\/wp-json\/wp\/v2\/media?parent=3388"}],"wp:term":[{"taxonomy":"category","embeddable":true,"href":"https:\/\/clickcarangola.com.br\/site\/wp-json\/wp\/v2\/categories?post=3388"},{"taxonomy":"post_tag","embeddable":true,"href":"https:\/\/clickcarangola.com.br\/site\/wp-json\/wp\/v2\/tags?post=3388"}],"curies":[{"name":"wp","href":"https:\/\/api.w.org\/{rel}","templated":true}]}}