{"id":3398,"date":"2012-01-20T16:59:41","date_gmt":"2012-01-20T19:59:41","guid":{"rendered":"https:\/\/clickcarangola.com.br\/site\/?p=3398"},"modified":"2012-01-20T17:11:46","modified_gmt":"2012-01-20T20:11:46","slug":"festa-dos-130-anos-de-carangola-comeca-nesta-sexta-feira-20","status":"publish","type":"post","link":"https:\/\/clickcarangola.com.br\/site\/20\/01\/2012\/festa-dos-130-anos-de-carangola-comeca-nesta-sexta-feira-20\/","title":{"rendered":"Festa dos 130 anos de Carangola come\u00e7a nesta sexta-feira (20)"},"content":{"rendered":"<p style=\"text-align: justify;\"><span style=\"color: #888888;\"><img loading=\"lazy\" decoding=\"async\" class=\"alignleft\" src=\"https:\/\/clickcarangola.com.br\/site\/wp-content\/uploads\/2012\/01\/Anivers\u00e1rio-130-300x210.jpg\" alt=\"\" width=\"300\" height=\"210\" \/>Come\u00e7a nesta sexta-feira (20\/01), a festa em comemora\u00e7\u00e3o aos 130 anos de Carangola. O evento, que havia sido adiado por causa das chuvas, est\u00e1 confirmado para este fim de semana. <\/span><\/p>\n<p style=\"text-align: justify;\"><span style=\"color: #888888;\">Hoje tem os shows do Simples Samba, do Beto Kau\u00ea e do Caldeir\u00e3o Sertanejo. Amanh\u00e3, s\u00e1bado, a atra\u00e7\u00e3o ser\u00e1 a banda de rock NX Zero e para encerrar a noite Murilo Rodrigues e Su\u00edte Bord\u00f4. No domingo, \u00faltimo dia, a festa ficar\u00e1 por conta da banda Beijo Apimentado.<!--more-->\u00a0<\/span><\/p>\n<p style=\"text-align: justify;\"><span style=\"color: #888888;\">A festa acontece no Parque de Exposi\u00e7\u00f5es de Carangola\u00a0com\u00a0entrada franca todos os dias.<\/span><\/p>\n<p style=\"text-align: left;\"><span style=\"color: #888888;\">Leia tamb\u00e9m: <a title=\"Festa em comemora\u00e7\u00e3o aos 130 anos de Carangola tem nova data marcada\" rel=\"bookmark\" href=\"https:\/\/clickcarangola.com.br\/site\/12\/01\/2012\/festa-em-comemoracao-aos-130-anos-de-carangola-tem-nova-data-marcada\/\">Festa em comemora\u00e7\u00e3o aos 130 anos de Carangola tem nova data marcada<\/a><\/span><\/p>\n<p style=\"text-align: left;\"><strong><span style=\"color: #888888;\">Por: Click Carangola<\/span><\/strong><\/p>\n","protected":false},"excerpt":{"rendered":"<p>Come\u00e7a nesta sexta-feira (20\/01), a festa em comemora\u00e7\u00e3o aos 130 anos de Carangola. O evento, que havia sido adiado por causa das chuvas, est\u00e1 confirmado para este fim de semana. Hoje tem os shows do Simples Samba, do Beto Kau\u00ea e do Caldeir\u00e3o Sertanejo. Amanh\u00e3, s\u00e1bado, a atra\u00e7\u00e3o ser\u00e1 a banda de rock NX Zero [&hellip;]<\/p>\n","protected":false},"author":2,"featured_media":0,"comment_status":"open","ping_status":"open","sticky":false,"template":"","format":"standard","meta":{"footnotes":""},"categories":[37],"tags":[],"class_list":["post-3398","post","type-post","status-publish","format-standard","hentry","category-carangola-mg"],"_links":{"self":[{"href":"https:\/\/clickcarangola.com.br\/site\/wp-json\/wp\/v2\/posts\/3398","targetHints":{"allow":["GET"]}}],"collection":[{"href":"https:\/\/clickcarangola.com.br\/site\/wp-json\/wp\/v2\/posts"}],"about":[{"href":"https:\/\/clickcarangola.com.br\/site\/wp-json\/wp\/v2\/types\/post"}],"author":[{"embeddable":true,"href":"https:\/\/clickcarangola.com.br\/site\/wp-json\/wp\/v2\/users\/2"}],"replies":[{"embeddable":true,"href":"https:\/\/clickcarangola.com.br\/site\/wp-json\/wp\/v2\/comments?post=3398"}],"version-history":[{"count":6,"href":"https:\/\/clickcarangola.com.br\/site\/wp-json\/wp\/v2\/posts\/3398\/revisions"}],"predecessor-version":[{"id":3400,"href":"https:\/\/clickcarangola.com.br\/site\/wp-json\/wp\/v2\/posts\/3398\/revisions\/3400"}],"wp:attachment":[{"href":"https:\/\/clickcarangola.com.br\/site\/wp-json\/wp\/v2\/media?parent=3398"}],"wp:term":[{"taxonomy":"category","embeddable":true,"href":"https:\/\/clickcarangola.com.br\/site\/wp-json\/wp\/v2\/categories?post=3398"},{"taxonomy":"post_tag","embeddable":true,"href":"https:\/\/clickcarangola.com.br\/site\/wp-json\/wp\/v2\/tags?post=3398"}],"curies":[{"name":"wp","href":"https:\/\/api.w.org\/{rel}","templated":true}]}}