{"id":34345,"date":"2018-06-26T08:00:03","date_gmt":"2018-06-26T11:00:03","guid":{"rendered":"https:\/\/clickcarangola.com.br\/site\/?p=34345"},"modified":"2018-06-30T16:28:19","modified_gmt":"2018-06-30T19:28:19","slug":"parque-do-caparao-tera-servicos-privatizados","status":"publish","type":"post","link":"https:\/\/clickcarangola.com.br\/site\/26\/06\/2018\/parque-do-caparao-tera-servicos-privatizados\/","title":{"rendered":"Parque do Capara\u00f3 ter\u00e1 servi\u00e7os privatizados"},"content":{"rendered":"<p><img loading=\"lazy\" decoding=\"async\" class=\"alignleft size-full wp-image-34348\" src=\"https:\/\/clickcarangola.com.br\/site\/wp-content\/uploads\/2018\/06\/Parque-do-Capara\u00f3-01.jpg\" alt=\"\" width=\"300\" height=\"226\" \/>ALTO CAPARA\u00d3 &#8211; O Parque Nacional do Capara\u00f3, situado na divisa entre o Esp\u00edrito Santo e Minas Gerais, est\u00e1 entre as sete unidades de conserva\u00e7\u00e3o que ter\u00e3o suas atividades de visita\u00e7\u00e3o concedidas \u00e0 iniciativa privada como forma de incentivo ao turismo.<\/p>\n<p>Entre os servi\u00e7os que poder\u00e3o ser explorados est\u00e3o desde o transporte interno at\u00e9 acampamentos.<!--more--><\/p>\n<p>A concess\u00e3o ser\u00e1 discutida nesta sexta-feira, \u00e0s 13h30 \u00e0s 18 horas, com a popula\u00e7\u00e3o, em uma consulta p\u00fablica no audit\u00f3rio do parque, na cidade de Alto Capara\u00f3 (MG). A ideia \u00e9 apresentar o modelo do edital a ser desenvolvido pelo ICMBio (Instituto Chico Mendes de Conserva\u00e7\u00e3o da Biodiversidade), ligado ao Minist\u00e9rio do Meio Ambiente.<\/p>\n<p>&#8220;O nosso patrim\u00f4nio natural \u00e9 valioso. Por isso, precisamos trazer oportunidades de visita\u00e7\u00e3o e de trabalho e renda \u00e0s comunidades&#8221;, destaca o ministro do Meio Ambiente, Edson Duarte.<\/p>\n<p><strong>Visita\u00e7\u00e3o<\/strong><\/p>\n<p>Nos \u00faltimos cinco anos, o Capara\u00f3 saltou de 32 mil para 62 mil visitantes por ano. O plano estrat\u00e9gico desenvolvido pelo ICMBio prev\u00ea a concess\u00e3o de uma \u00e1rea de 24 milh\u00f5es de m\u00b2 para a presta\u00e7\u00e3o dos seguintes servi\u00e7os de apoio \u00e0 visita\u00e7\u00e3o: controle de acesso, cobran\u00e7a de ingressos, estacionamento, espa\u00e7o de eventos, lanchonetes\/cafeterias, lojas de souvenirs, acampamentos, loca\u00e7\u00e3o de equipamentos, abrigos de montanha e cabanas tempor\u00e1rias.<\/p>\n<p>A estimativa \u00e9 o que prazo de concess\u00e3o chegue a 20 anos e que o investimento total fique em torno de R$ 8 milh\u00f5es. A expectativa do minist\u00e9rio \u00e9 obter uma receita total de R$ 930 milh\u00f5es com a concess\u00e3o de sete parques: Chapada dos Veadeiros, Pau Brasil, Itatiaia, Len\u00e7\u00f3is Maranhenses, Jericoacoara e Serra da Bodoquena, al\u00e9m do Capara\u00f3.<\/p>\n<p><strong>Confira as imagens:<\/strong><\/p>\n<p><img loading=\"lazy\" decoding=\"async\" src=\"https:\/\/clickcarangola.com.br\/site\/wp-content\/uploads\/2018\/06\/Parque-do-Capara\u00f3-02.jpg\" alt=\"\" width=\"400\" height=\"300\" \/><br \/>\n<img loading=\"lazy\" decoding=\"async\" src=\"https:\/\/clickcarangola.com.br\/site\/wp-content\/uploads\/2018\/06\/Parque-do-Capara\u00f3-03.jpg\" alt=\"\" width=\"400\" height=\"300\" \/><br \/>\n<img loading=\"lazy\" decoding=\"async\" src=\"https:\/\/clickcarangola.com.br\/site\/wp-content\/uploads\/2018\/06\/Parque-do-Capara\u00f3-04.jpg\" alt=\"\" width=\"400\" height=\"300\" \/><br \/>\n<img loading=\"lazy\" decoding=\"async\" src=\"https:\/\/clickcarangola.com.br\/site\/wp-content\/uploads\/2018\/06\/Parque-do-Capara\u00f3-05.jpg\" alt=\"\" width=\"400\" height=\"300\" \/><br \/>\n<img loading=\"lazy\" decoding=\"async\" src=\"https:\/\/clickcarangola.com.br\/site\/wp-content\/uploads\/2018\/06\/Parque-do-Capara\u00f3-06.jpg\" alt=\"\" width=\"400\" height=\"300\" \/><br \/>\n<img loading=\"lazy\" decoding=\"async\" src=\"https:\/\/clickcarangola.com.br\/site\/wp-content\/uploads\/2018\/06\/Parque-do-Capara\u00f3-07.jpg\" alt=\"\" width=\"400\" height=\"300\" \/><br \/>\n<img loading=\"lazy\" decoding=\"async\" src=\"https:\/\/clickcarangola.com.br\/site\/wp-content\/uploads\/2018\/06\/Parque-do-Capara\u00f3-08.jpg\" alt=\"\" width=\"400\" height=\"300\" \/><\/p>\n<p><strong>Por: Click Carangola<\/strong> | Com informa\u00e7\u00f5es P. Capara\u00f3.<\/p>\n","protected":false},"excerpt":{"rendered":"<p>ALTO CAPARA\u00d3 &#8211; O Parque Nacional do Capara\u00f3, situado na divisa entre o Esp\u00edrito Santo e Minas Gerais, est\u00e1 entre as sete unidades de conserva\u00e7\u00e3o que ter\u00e3o suas atividades de visita\u00e7\u00e3o concedidas \u00e0 iniciativa privada como forma de incentivo ao turismo. Entre os servi\u00e7os que poder\u00e3o ser explorados est\u00e3o desde o transporte interno at\u00e9 acampamentos.<\/p>\n","protected":false},"author":2,"featured_media":0,"comment_status":"open","ping_status":"open","sticky":false,"template":"","format":"standard","meta":{"footnotes":""},"categories":[39],"tags":[],"class_list":["post-34345","post","type-post","status-publish","format-standard","hentry","category-altocaparao-mg"],"_links":{"self":[{"href":"https:\/\/clickcarangola.com.br\/site\/wp-json\/wp\/v2\/posts\/34345","targetHints":{"allow":["GET"]}}],"collection":[{"href":"https:\/\/clickcarangola.com.br\/site\/wp-json\/wp\/v2\/posts"}],"about":[{"href":"https:\/\/clickcarangola.com.br\/site\/wp-json\/wp\/v2\/types\/post"}],"author":[{"embeddable":true,"href":"https:\/\/clickcarangola.com.br\/site\/wp-json\/wp\/v2\/users\/2"}],"replies":[{"embeddable":true,"href":"https:\/\/clickcarangola.com.br\/site\/wp-json\/wp\/v2\/comments?post=34345"}],"version-history":[{"count":4,"href":"https:\/\/clickcarangola.com.br\/site\/wp-json\/wp\/v2\/posts\/34345\/revisions"}],"predecessor-version":[{"id":34357,"href":"https:\/\/clickcarangola.com.br\/site\/wp-json\/wp\/v2\/posts\/34345\/revisions\/34357"}],"wp:attachment":[{"href":"https:\/\/clickcarangola.com.br\/site\/wp-json\/wp\/v2\/media?parent=34345"}],"wp:term":[{"taxonomy":"category","embeddable":true,"href":"https:\/\/clickcarangola.com.br\/site\/wp-json\/wp\/v2\/categories?post=34345"},{"taxonomy":"post_tag","embeddable":true,"href":"https:\/\/clickcarangola.com.br\/site\/wp-json\/wp\/v2\/tags?post=34345"}],"curies":[{"name":"wp","href":"https:\/\/api.w.org\/{rel}","templated":true}]}}