{"id":34664,"date":"2018-07-17T08:00:25","date_gmt":"2018-07-17T11:00:25","guid":{"rendered":"https:\/\/clickcarangola.com.br\/site\/?p=34664"},"modified":"2018-07-18T14:31:24","modified_gmt":"2018-07-18T17:31:24","slug":"ciclista-e-atropelado-por-onibus","status":"publish","type":"post","link":"https:\/\/clickcarangola.com.br\/site\/17\/07\/2018\/ciclista-e-atropelado-por-onibus\/","title":{"rendered":"Ciclista \u00e9 atropelado por \u00f4nibus"},"content":{"rendered":"<p><img loading=\"lazy\" decoding=\"async\" class=\"alignleft size-full wp-image-34666\" src=\"https:\/\/clickcarangola.com.br\/site\/wp-content\/uploads\/2018\/07\/Ciclista-\u00e9-atropelado-01.jpg\" alt=\"\" width=\"300\" height=\"226\" \/>DIVINO &#8211; Ciclista \u00e9 atropelado por \u00f4nibus na MG-265, trecho que liga o munic\u00edpio de Divino \u00e0 BR-116. Ele sofreu traumatismo craniano.<\/p>\n<p>O fato foi registrado no \u00faltimo domingo (15), quando o ciclista que transitava \u00e0s margens da rodovia foi atropelado por um \u00f4nibus da empresa Auto Via\u00e7\u00e3o 1001, que seguia a linha Carangola \/ Governador Valadares.<!--more--><\/p>\n<p>Ele foi socorrido pelo Servi\u00e7o de Atendimento M\u00f3vel de Urg\u00eancia\u00a0(SAMU\u00a0192) e encaminhado para o Pronto Socorro Regional (PSR) do Hospital Casa de Caridade de Carangola.<\/p>\n<p>Com cerca de 17 anos, o jovem ciclista sofreu\u00a0Traumatismo Cr\u00e2nio Encef\u00e1lico\u00a0(TCE) e dever\u00e1 passar por uma cirurgia.<\/p>\n<p>A Pol\u00edcia Militar Rodovi\u00e1ria (PMR) esteve no local e registrou a ocorr\u00eancia.<\/p>\n<p><strong>Confira as imagens:<\/strong><\/p>\n<p><img loading=\"lazy\" decoding=\"async\" src=\"https:\/\/clickcarangola.com.br\/site\/wp-content\/uploads\/2018\/07\/Ciclista-\u00e9-atropelado-02.jpg\" alt=\"\" width=\"400\" height=\"300\" \/><\/p>\n<p><strong>Por: Click Carangola<\/strong><\/p>\n","protected":false},"excerpt":{"rendered":"<p>DIVINO &#8211; Ciclista \u00e9 atropelado por \u00f4nibus na MG-265, trecho que liga o munic\u00edpio de Divino \u00e0 BR-116. Ele sofreu traumatismo craniano. O fato foi registrado no \u00faltimo domingo (15), quando o ciclista que transitava \u00e0s margens da rodovia foi atropelado por um \u00f4nibus da empresa Auto Via\u00e7\u00e3o 1001, que seguia a linha Carangola \/ [&hellip;]<\/p>\n","protected":false},"author":2,"featured_media":0,"comment_status":"open","ping_status":"open","sticky":false,"template":"","format":"standard","meta":{"footnotes":""},"categories":[43],"tags":[],"class_list":["post-34664","post","type-post","status-publish","format-standard","hentry","category-divino-mg"],"_links":{"self":[{"href":"https:\/\/clickcarangola.com.br\/site\/wp-json\/wp\/v2\/posts\/34664","targetHints":{"allow":["GET"]}}],"collection":[{"href":"https:\/\/clickcarangola.com.br\/site\/wp-json\/wp\/v2\/posts"}],"about":[{"href":"https:\/\/clickcarangola.com.br\/site\/wp-json\/wp\/v2\/types\/post"}],"author":[{"embeddable":true,"href":"https:\/\/clickcarangola.com.br\/site\/wp-json\/wp\/v2\/users\/2"}],"replies":[{"embeddable":true,"href":"https:\/\/clickcarangola.com.br\/site\/wp-json\/wp\/v2\/comments?post=34664"}],"version-history":[{"count":6,"href":"https:\/\/clickcarangola.com.br\/site\/wp-json\/wp\/v2\/posts\/34664\/revisions"}],"predecessor-version":[{"id":34679,"href":"https:\/\/clickcarangola.com.br\/site\/wp-json\/wp\/v2\/posts\/34664\/revisions\/34679"}],"wp:attachment":[{"href":"https:\/\/clickcarangola.com.br\/site\/wp-json\/wp\/v2\/media?parent=34664"}],"wp:term":[{"taxonomy":"category","embeddable":true,"href":"https:\/\/clickcarangola.com.br\/site\/wp-json\/wp\/v2\/categories?post=34664"},{"taxonomy":"post_tag","embeddable":true,"href":"https:\/\/clickcarangola.com.br\/site\/wp-json\/wp\/v2\/tags?post=34664"}],"curies":[{"name":"wp","href":"https:\/\/api.w.org\/{rel}","templated":true}]}}