{"id":35030,"date":"2018-08-29T08:00:13","date_gmt":"2018-08-29T11:00:13","guid":{"rendered":"https:\/\/clickcarangola.com.br\/site\/?p=35030"},"modified":"2018-08-29T18:15:48","modified_gmt":"2018-08-29T21:15:48","slug":"caminhoneiro-morre-em-acidente-na-br-116-2","status":"publish","type":"post","link":"https:\/\/clickcarangola.com.br\/site\/29\/08\/2018\/caminhoneiro-morre-em-acidente-na-br-116-2\/","title":{"rendered":"Caminhoneiro morre em acidente na BR-116"},"content":{"rendered":"<p><img loading=\"lazy\" decoding=\"async\" class=\"alignleft size-full wp-image-35031\" src=\"https:\/\/clickcarangola.com.br\/site\/wp-content\/uploads\/2018\/08\/Caminhoneiro-morre-PB-01.jpg\" alt=\"\" width=\"300\" height=\"226\" \/>PEDRA BONITA &#8211; Um caminh\u00e3o carregado com fardos de papel\u00e3o para reciclagem tombou no km 628 da BR-116, em Pedra Bonita. O motorista morreu no local.<\/p>\n<p>Segundo o registro da 2\u00aa Companhia de Bombeiros de Manhua\u00e7u, unidade que \u00e9 subordinada ao 11\u00ba Batalh\u00e3o de Ipatinga, por volta de 21:30 desta ter\u00e7a-feira (28\/08), foram acionados at\u00e9 o local do acidente.<!--more--><\/p>\n<p>O condutor do caminh\u00e3o perdeu o controle da dire\u00e7\u00e3o, tombando. Em continuidade do acidente, o ve\u00edculo atravessou a ponte e caiu no leito do rio, batendo na estrutura de alvenaria da cabeceira.<\/p>\n<p>Com o impacto, o condutor morreu preso nas ferragens da cabine junto a fardos de papel\u00e3o.<\/p>\n<p>Ap\u00f3s os trabalhos periciais da Pol\u00edcia Civil (PC), o corpo do condutor foi retirado das ferragens pela equipe dos Bombeiros.<\/p>\n<p><strong>Confira as imagens:<\/strong><\/p>\n<p><img loading=\"lazy\" decoding=\"async\" src=\"https:\/\/clickcarangola.com.br\/site\/wp-content\/uploads\/2018\/08\/Caminhoneiro-morre-PB-02.jpg\" alt=\"\" width=\"400\" height=\"300\" \/><br \/>\n<img loading=\"lazy\" decoding=\"async\" src=\"https:\/\/clickcarangola.com.br\/site\/wp-content\/uploads\/2018\/08\/Caminhoneiro-morre-PB-03.jpg\" alt=\"\" width=\"400\" height=\"300\" \/><\/p>\n<p><strong>Por: Click Carangola<\/strong> | Com informa\u00e7\u00f5es do CB e P. Capara\u00f3.<\/p>\n","protected":false},"excerpt":{"rendered":"<p>PEDRA BONITA &#8211; Um caminh\u00e3o carregado com fardos de papel\u00e3o para reciclagem tombou no km 628 da BR-116, em Pedra Bonita. O motorista morreu no local. Segundo o registro da 2\u00aa Companhia de Bombeiros de Manhua\u00e7u, unidade que \u00e9 subordinada ao 11\u00ba Batalh\u00e3o de Ipatinga, por volta de 21:30 desta ter\u00e7a-feira (28\/08), foram acionados at\u00e9 [&hellip;]<\/p>\n","protected":false},"author":2,"featured_media":0,"comment_status":"open","ping_status":"open","sticky":false,"template":"","format":"standard","meta":{"footnotes":""},"categories":[87],"tags":[],"class_list":["post-35030","post","type-post","status-publish","format-standard","hentry","category-pedrabonita-mg"],"_links":{"self":[{"href":"https:\/\/clickcarangola.com.br\/site\/wp-json\/wp\/v2\/posts\/35030","targetHints":{"allow":["GET"]}}],"collection":[{"href":"https:\/\/clickcarangola.com.br\/site\/wp-json\/wp\/v2\/posts"}],"about":[{"href":"https:\/\/clickcarangola.com.br\/site\/wp-json\/wp\/v2\/types\/post"}],"author":[{"embeddable":true,"href":"https:\/\/clickcarangola.com.br\/site\/wp-json\/wp\/v2\/users\/2"}],"replies":[{"embeddable":true,"href":"https:\/\/clickcarangola.com.br\/site\/wp-json\/wp\/v2\/comments?post=35030"}],"version-history":[{"count":4,"href":"https:\/\/clickcarangola.com.br\/site\/wp-json\/wp\/v2\/posts\/35030\/revisions"}],"predecessor-version":[{"id":35037,"href":"https:\/\/clickcarangola.com.br\/site\/wp-json\/wp\/v2\/posts\/35030\/revisions\/35037"}],"wp:attachment":[{"href":"https:\/\/clickcarangola.com.br\/site\/wp-json\/wp\/v2\/media?parent=35030"}],"wp:term":[{"taxonomy":"category","embeddable":true,"href":"https:\/\/clickcarangola.com.br\/site\/wp-json\/wp\/v2\/categories?post=35030"},{"taxonomy":"post_tag","embeddable":true,"href":"https:\/\/clickcarangola.com.br\/site\/wp-json\/wp\/v2\/tags?post=35030"}],"curies":[{"name":"wp","href":"https:\/\/api.w.org\/{rel}","templated":true}]}}