{"id":35205,"date":"2018-09-13T16:00:21","date_gmt":"2018-09-13T19:00:21","guid":{"rendered":"https:\/\/clickcarangola.com.br\/site\/?p=35205"},"modified":"2018-09-13T17:30:33","modified_gmt":"2018-09-13T20:30:33","slug":"vereador-e-detido-suspeito-por-abuso-sexual-contra-menina-de-12-anos","status":"publish","type":"post","link":"https:\/\/clickcarangola.com.br\/site\/13\/09\/2018\/vereador-e-detido-suspeito-por-abuso-sexual-contra-menina-de-12-anos\/","title":{"rendered":"Vereador \u00e9 detido suspeito por abuso sexual contra menina de 12 anos"},"content":{"rendered":"<p><img loading=\"lazy\" decoding=\"async\" class=\"alignleft size-full wp-image-35206\" src=\"https:\/\/clickcarangola.com.br\/site\/wp-content\/uploads\/2018\/09\/Vereador-\u00e9-detido.jpg\" alt=\"\" width=\"300\" height=\"226\" \/>TOMBOS &#8211; Um vereador da cidade de Tombos foi preso, na tarde desta quarta-feira (12), sob acusa\u00e7\u00e3o de estupro de vulner\u00e1vel. Jorcelino Jos\u00e9 de Souza, de 47 anos, do Partido dos Trabalhadores (PT), \u00e9 suspeito de abusar sexualmente de uma menina de 12 anos.<\/p>\n<p>O pol\u00edtico foi detido pela Pol\u00edcia Militar (PM), que foi acionada pela m\u00e3e da garota pouco depois do suposto crime. A mulher relatou aos militares que a filha chegou em casa chorando, com marcas pelo corpo, e contou que havia sido abusada e amea\u00e7ada pelo vereador.<!--more--><\/p>\n<p>Segundo a PM, o suspeito negou o crime e recebeu voz de pris\u00e3o sob acusa\u00e7\u00e3o de estupro de vulner\u00e1vel, les\u00e3o corporal e amea\u00e7a, sendo conduzido \u00e0 delegacia de Tombos. A pris\u00e3o foi ratificada pela Pol\u00edcia Civil (PC), que ir\u00e1 investigar o caso, e o vereador foi transferido para o Pres\u00eddio de Muria\u00e9.<\/p>\n<p>A menina foi examinada inicialmente no Pronto Socorro local, e seria levada para exame de corpo de delito em Muria\u00e9.<\/p>\n<p><strong>O delito<\/strong><\/p>\n<p>O Art. 217 do C\u00f3digo Penal Brasileiro define o crime de estupro de vulner\u00e1vel como:\u00a0<em>Ter conjun\u00e7\u00e3o carnal ou praticar outro ato libidinoso com menor de 14 (catorze) anos&#8230;\u00a0<\/em>ou<em>\u00a0&#8230;com algu\u00e9m que, por enfermidade ou defici\u00eancia mental, n\u00e3o tem o necess\u00e1rio discernimento para a pr\u00e1tica do ato, ou que, por qualquer outra causa, n\u00e3o pode oferecer resist\u00eancia.<\/em><\/p>\n<p>A pena vai de 8 a 15 anos de pris\u00e3o, podendo chegar a 20 anos se o crime resultar em les\u00e3o grave, e at\u00e9 30 anos no caso de morte da v\u00edtima.<\/p>\n<p><strong>Posicionamento do partido<\/strong><\/p>\n<p>Por meio de nota publicada no Facebook, por seu presidente, Daniel Seabra, o Diret\u00f3rio do PT em Tombos manifestou rep\u00fadio a qualquer ato de viol\u00eancia sexual e afirmou que aguardar\u00e1 a conclus\u00e3o do inqu\u00e9rito policial para tomar as medidas pertinentes previstas no estatuto do partido.<\/p>\n<p><strong>Por: Click Carangola<\/strong> | Com informa\u00e7\u00f5es da PM e R\u00e1dio Muria\u00e9.<\/p>\n","protected":false},"excerpt":{"rendered":"<p>TOMBOS &#8211; Um vereador da cidade de Tombos foi preso, na tarde desta quarta-feira (12), sob acusa\u00e7\u00e3o de estupro de vulner\u00e1vel. Jorcelino Jos\u00e9 de Souza, de 47 anos, do Partido dos Trabalhadores (PT), \u00e9 suspeito de abusar sexualmente de uma menina de 12 anos. O pol\u00edtico foi detido pela Pol\u00edcia Militar (PM), que foi acionada [&hellip;]<\/p>\n","protected":false},"author":2,"featured_media":0,"comment_status":"open","ping_status":"open","sticky":false,"template":"","format":"standard","meta":{"footnotes":""},"categories":[56],"tags":[],"class_list":["post-35205","post","type-post","status-publish","format-standard","hentry","category-tombos-mg"],"_links":{"self":[{"href":"https:\/\/clickcarangola.com.br\/site\/wp-json\/wp\/v2\/posts\/35205","targetHints":{"allow":["GET"]}}],"collection":[{"href":"https:\/\/clickcarangola.com.br\/site\/wp-json\/wp\/v2\/posts"}],"about":[{"href":"https:\/\/clickcarangola.com.br\/site\/wp-json\/wp\/v2\/types\/post"}],"author":[{"embeddable":true,"href":"https:\/\/clickcarangola.com.br\/site\/wp-json\/wp\/v2\/users\/2"}],"replies":[{"embeddable":true,"href":"https:\/\/clickcarangola.com.br\/site\/wp-json\/wp\/v2\/comments?post=35205"}],"version-history":[{"count":3,"href":"https:\/\/clickcarangola.com.br\/site\/wp-json\/wp\/v2\/posts\/35205\/revisions"}],"predecessor-version":[{"id":35209,"href":"https:\/\/clickcarangola.com.br\/site\/wp-json\/wp\/v2\/posts\/35205\/revisions\/35209"}],"wp:attachment":[{"href":"https:\/\/clickcarangola.com.br\/site\/wp-json\/wp\/v2\/media?parent=35205"}],"wp:term":[{"taxonomy":"category","embeddable":true,"href":"https:\/\/clickcarangola.com.br\/site\/wp-json\/wp\/v2\/categories?post=35205"},{"taxonomy":"post_tag","embeddable":true,"href":"https:\/\/clickcarangola.com.br\/site\/wp-json\/wp\/v2\/tags?post=35205"}],"curies":[{"name":"wp","href":"https:\/\/api.w.org\/{rel}","templated":true}]}}