{"id":3525,"date":"2012-01-31T14:39:09","date_gmt":"2012-01-31T17:39:09","guid":{"rendered":"https:\/\/clickcarangola.com.br\/site\/?p=3525"},"modified":"2012-01-31T15:55:47","modified_gmt":"2012-01-31T18:55:47","slug":"forca-tarefa-procura-musico-desaparecido-na-regiao","status":"publish","type":"post","link":"https:\/\/clickcarangola.com.br\/site\/31\/01\/2012\/forca-tarefa-procura-musico-desaparecido-na-regiao\/","title":{"rendered":"For\u00e7a-tarefa procura m\u00fasico desaparecido na regi\u00e3o"},"content":{"rendered":"<p style=\"text-align: justify;\"><span style=\"color: #888888;\"><img loading=\"lazy\" decoding=\"async\" class=\"alignleft\" src=\"https:\/\/4.bp.blogspot.com\/-Z3ZRZGYoAkY\/TyKAYmi96mI\/AAAAAAAAHB4\/w7xDPC7FuUI\/s1600\/Vin%C3%ADcius+e+sua+m%C3%A3e.jpg\" border=\"0\" alt=\"\" width=\"300\" height=\"226\" \/>Vin\u00edcius Maia Carvalho, m\u00fasico pela Universidade Estadual de Minas Gerais-UEMG, est\u00e1 desaparecido desde do \u00faltimo dia (11\/01). Uma For\u00e7a-tarefa foi criada e organizada por familiares e volunt\u00e1rios na esperan\u00e7a de encontrar Vin\u00edcius.<\/span><\/p>\n<p style=\"text-align: justify;\"><span style=\"color: #888888;\">Desde quinta-feira (26) at\u00e9 o pr\u00f3ximo fim de semana, pelo menos 30 pessoas, entre familiares e amigos de Vin\u00edcius Maia Carvalho, estar\u00e3o reunidos em uma esp\u00e9cie de for\u00e7a-tarefa para procurar pelo m\u00fasico.<!--more--><\/span><\/p>\n<div style=\"text-align: justify;\"><span style=\"color: #888888;\">O banc\u00e1rio Gustavo Maia Carvalho, de 33 anos, irm\u00e3o de Vin\u00edcius, garante que a esperan\u00e7a de localizar o rapaz jamais ser\u00e1 esgotada. \u201cEle \u00e9 forte e muito inteligente. Apesar deste dist\u00farbio tempor\u00e1rio, tenho certeza de que ficar\u00e1 bem. Vamos realizar uma intensa e abrangente opera\u00e7\u00e3o de busca na regi\u00e3o onde meu irm\u00e3o desapareceu. J\u00e1 realizamos buscas em v\u00e1rios locais e matas da regi\u00e3o, no entanto, a \u00e1rea \u00e9 muita extensa e existem muitos lugares ainda a serem vasculhados.\u201d<\/span><\/div>\n<div style=\"text-align: justify;\"><span style=\"color: #888888;\">\u00a0<\/span>\u00a0<\/div>\n<div style=\"text-align: justify;\"><strong><span style=\"color: #888888;\">Entenda o caso<\/span><\/strong><\/div>\n<div style=\"text-align: justify;\"><span style=\"color: #888888;\">O m\u00fasico de 28 anos\u00a0se envolveu num acidente no dia (11\/01), na BR-262, pr\u00f3ximo ao Km 151, munic\u00edpio de Rio Casca, e est\u00e1 desaparecido desde ent\u00e3o. <\/span><span style=\"color: #888888;\">O jovem enfrentava um quadro grave de depress\u00e3o e, de forma inesperada, abriu a porta do ve\u00edculo, saiu e pulou nas \u00e1guas do Rio Doce, munic\u00edpio de Rio Casca, na Zona da Mata. Ele foi visto saindo do rio e se embrenhando pela mata.<\/span><\/div>\n<div style=\"text-align: justify;\"><span style=\"color: #888888;\">\u00a0<\/span>\u00a0<\/div>\n<div style=\"text-align: justify;\"><span style=\"color: #888888;\">Passadas duas semanas, Vin\u00edcius Carvalho continua desaparecido. Nas buscas pelo rapaz, amigos e familiares j\u00e1 percorreram mais de 4 mil quil\u00f4metros. Segundo o psiquiatra do m\u00fasico, Renato Silveira, Vin\u00edcius, que \u00e9 portador de um quadro psiqui\u00e1trico, teve um surto moment\u00e2neo, e deve estar muito confuso e perdido: \u201cSe algu\u00e9m estiver em contato com ele, que acione a fam\u00edlia para que possamos levar a assist\u00eancia adequada.\u201d <\/span><\/div>\n<div style=\"text-align: justify;\">\u00a0<\/div>\n<div style=\"text-align: justify;\"><span style=\"color: #888888;\">O fato vem ganhando destaque na m\u00eddia e nas redes sociais, onde um manifesto de artistas e intelectuais, em solidariedade ao m\u00fasico mineiro deparecido, espera reunir o apoio da classe art\u00edstica e demais interessados, exigindo maior aparato do Governo no resgate.<\/span><\/div>\n<div style=\"text-align: justify;\">\u00a0<\/div>\n<div style=\"text-align: justify;\"><span style=\"color: #888888;\">Em contato com o site <strong>Click Carangola<\/strong>, Rog\u00e9ria de Carvalho afirmou ter pistas de Vin\u00edcius na regi\u00e3o de Espera Feliz. &#8220;Um amigo da fam\u00edlia, afirma ter visto algu\u00e9m com estas caracter\u00edsticas descendo a serra de Carangola. Por favor, nos ajudem a divulgar. Ele \u00e9 muito alto, cabelos castanhos, olhos castanhos, est\u00e1 de bermuda jeans, descal\u00e7o e pode estar sem camisa. Sua barba deve estar crescida de 20 dias e deve estar sujo, talvez andando como andarilho.&#8221;<\/span><\/div>\n<div style=\"text-align: justify;\">\u00a0<\/div>\n<div style=\"text-align: justify;\"><span style=\"color: #ff0000;\">Se algu\u00e9m tiver alguma informa\u00e7\u00e3o, entre em contato com a Pol\u00edcia Militar atrav\u00e9s do 191 ou com a equipe do site!<\/span><\/div>\n<div style=\"text-align: justify;\">\u00a0<\/div>\n<div style=\"text-align: justify;\"><strong><span style=\"color: #888888;\">Por: Click Carangola<\/span><\/strong><\/div>\n<div style=\"text-align: justify;\"><strong><span style=\"color: #888888;\">\u00a0<\/span><\/strong><\/div>\n","protected":false},"excerpt":{"rendered":"<p>Vin\u00edcius Maia Carvalho, m\u00fasico pela Universidade Estadual de Minas Gerais-UEMG, est\u00e1 desaparecido desde do \u00faltimo dia (11\/01). Uma For\u00e7a-tarefa foi criada e organizada por familiares e volunt\u00e1rios na esperan\u00e7a de encontrar Vin\u00edcius. Desde quinta-feira (26) at\u00e9 o pr\u00f3ximo fim de semana, pelo menos 30 pessoas, entre familiares e amigos de Vin\u00edcius Maia Carvalho, estar\u00e3o reunidos [&hellip;]<\/p>\n","protected":false},"author":2,"featured_media":0,"comment_status":"open","ping_status":"open","sticky":false,"template":"","format":"standard","meta":{"footnotes":""},"categories":[37,45],"tags":[],"class_list":["post-3525","post","type-post","status-publish","format-standard","hentry","category-carangola-mg","category-esperafeliz-mg"],"_links":{"self":[{"href":"https:\/\/clickcarangola.com.br\/site\/wp-json\/wp\/v2\/posts\/3525","targetHints":{"allow":["GET"]}}],"collection":[{"href":"https:\/\/clickcarangola.com.br\/site\/wp-json\/wp\/v2\/posts"}],"about":[{"href":"https:\/\/clickcarangola.com.br\/site\/wp-json\/wp\/v2\/types\/post"}],"author":[{"embeddable":true,"href":"https:\/\/clickcarangola.com.br\/site\/wp-json\/wp\/v2\/users\/2"}],"replies":[{"embeddable":true,"href":"https:\/\/clickcarangola.com.br\/site\/wp-json\/wp\/v2\/comments?post=3525"}],"version-history":[{"count":6,"href":"https:\/\/clickcarangola.com.br\/site\/wp-json\/wp\/v2\/posts\/3525\/revisions"}],"predecessor-version":[{"id":3528,"href":"https:\/\/clickcarangola.com.br\/site\/wp-json\/wp\/v2\/posts\/3525\/revisions\/3528"}],"wp:attachment":[{"href":"https:\/\/clickcarangola.com.br\/site\/wp-json\/wp\/v2\/media?parent=3525"}],"wp:term":[{"taxonomy":"category","embeddable":true,"href":"https:\/\/clickcarangola.com.br\/site\/wp-json\/wp\/v2\/categories?post=3525"},{"taxonomy":"post_tag","embeddable":true,"href":"https:\/\/clickcarangola.com.br\/site\/wp-json\/wp\/v2\/tags?post=3525"}],"curies":[{"name":"wp","href":"https:\/\/api.w.org\/{rel}","templated":true}]}}