{"id":35391,"date":"2018-10-02T17:00:32","date_gmt":"2018-10-02T20:00:32","guid":{"rendered":"https:\/\/clickcarangola.com.br\/site\/?p=35391"},"modified":"2018-10-03T10:31:38","modified_gmt":"2018-10-03T13:31:38","slug":"homem-e-preso-em-fervedouro-apos-pedir-carona-em-divino-espancar-condutor-e-roubar-carro","status":"publish","type":"post","link":"https:\/\/clickcarangola.com.br\/site\/02\/10\/2018\/homem-e-preso-em-fervedouro-apos-pedir-carona-em-divino-espancar-condutor-e-roubar-carro\/","title":{"rendered":"Homem \u00e9 preso em Fervedouro ap\u00f3s pedir carona em Divino, espancar condutor e roubar carro"},"content":{"rendered":"<p><img loading=\"lazy\" decoding=\"async\" class=\"alignleft size-full wp-image-35392\" src=\"https:\/\/clickcarangola.com.br\/site\/wp-content\/uploads\/2018\/10\/Homem-\u00e9-preso.jpg\" alt=\"\" width=\"300\" height=\"226\" srcset=\"https:\/\/clickcarangola.com.br\/site\/wp-content\/uploads\/2018\/10\/Homem-\u00e9-preso.jpg 600w, https:\/\/clickcarangola.com.br\/site\/wp-content\/uploads\/2018\/10\/Homem-\u00e9-preso-300x225.jpg 300w, https:\/\/clickcarangola.com.br\/site\/wp-content\/uploads\/2018\/10\/Homem-\u00e9-preso-100x75.jpg 100w\" sizes=\"auto, (max-width: 300px) 100vw, 300px\" \/>FERVEDOURO &#8211; Um homem foi preso pela Pol\u00edcia Militar (PM), na cidade de Fervedouro &#8211; a 32 km de Carangola &#8211; acusado de roubar um autom\u00f3vel VW Gol ap\u00f3s pegar carona no ve\u00edculo, em Divino &#8211; a 25 km de Carangola -, e espancar o condutor do carro na noite anterior (30).<\/p>\n<p>O crime se deu na noite de domingo (30) e o homem foi detido nesta segunda-feira (1\u00ba), sendo o Gol recuperado.<!--more--><\/p>\n<p>Conforme a PM, o homem pediu carona \u00e0 v\u00edtima ap\u00f3s um evento em Divino e em um determinado momento, j\u00e1 na BR-116, agrediu o condutor do carro com v\u00e1rios socos na cabe\u00e7a, deixando o mesmo desacordado e roubando o ve\u00edculo.<\/p>\n<p>Ainda de acordo com a pol\u00edcia, j\u00e1 na segunda (1\u00ba), militares de Fervedouro realizaram levantamento e conseguiram localizar e capturar o suspeito e ainda recuperar o autom\u00f3vel.<\/p>\n<p>O homem foi levado para apresenta\u00e7\u00e3o \u00e0 Pol\u00edcia Civil (PC) e o Gol removido para um p\u00e1tio credenciado pelo Detran.<\/p>\n<p><strong>Por: Click Carangola<\/strong> | Com informa\u00e7\u00f5es da PM e R\u00e1dio Muria\u00e9.<\/p>\n","protected":false},"excerpt":{"rendered":"<p>FERVEDOURO &#8211; Um homem foi preso pela Pol\u00edcia Militar (PM), na cidade de Fervedouro &#8211; a 32 km de Carangola &#8211; acusado de roubar um autom\u00f3vel VW Gol ap\u00f3s pegar carona no ve\u00edculo, em Divino &#8211; a 25 km de Carangola -, e espancar o condutor do carro na noite anterior (30). O crime se [&hellip;]<\/p>\n","protected":false},"author":2,"featured_media":0,"comment_status":"open","ping_status":"open","sticky":false,"template":"","format":"standard","meta":{"footnotes":""},"categories":[47],"tags":[],"class_list":["post-35391","post","type-post","status-publish","format-standard","hentry","category-fervedouro-mg"],"_links":{"self":[{"href":"https:\/\/clickcarangola.com.br\/site\/wp-json\/wp\/v2\/posts\/35391","targetHints":{"allow":["GET"]}}],"collection":[{"href":"https:\/\/clickcarangola.com.br\/site\/wp-json\/wp\/v2\/posts"}],"about":[{"href":"https:\/\/clickcarangola.com.br\/site\/wp-json\/wp\/v2\/types\/post"}],"author":[{"embeddable":true,"href":"https:\/\/clickcarangola.com.br\/site\/wp-json\/wp\/v2\/users\/2"}],"replies":[{"embeddable":true,"href":"https:\/\/clickcarangola.com.br\/site\/wp-json\/wp\/v2\/comments?post=35391"}],"version-history":[{"count":4,"href":"https:\/\/clickcarangola.com.br\/site\/wp-json\/wp\/v2\/posts\/35391\/revisions"}],"predecessor-version":[{"id":35396,"href":"https:\/\/clickcarangola.com.br\/site\/wp-json\/wp\/v2\/posts\/35391\/revisions\/35396"}],"wp:attachment":[{"href":"https:\/\/clickcarangola.com.br\/site\/wp-json\/wp\/v2\/media?parent=35391"}],"wp:term":[{"taxonomy":"category","embeddable":true,"href":"https:\/\/clickcarangola.com.br\/site\/wp-json\/wp\/v2\/categories?post=35391"},{"taxonomy":"post_tag","embeddable":true,"href":"https:\/\/clickcarangola.com.br\/site\/wp-json\/wp\/v2\/tags?post=35391"}],"curies":[{"name":"wp","href":"https:\/\/api.w.org\/{rel}","templated":true}]}}