{"id":35519,"date":"2018-10-13T08:00:33","date_gmt":"2018-10-13T11:00:33","guid":{"rendered":"https:\/\/clickcarangola.com.br\/site\/?p=35519"},"modified":"2018-10-13T15:04:06","modified_gmt":"2018-10-13T18:04:06","slug":"condutor-alcoolizado-fica-ferido-em-acidente-com-automovel-na-br-116-no-trevo-de-divino","status":"publish","type":"post","link":"https:\/\/clickcarangola.com.br\/site\/13\/10\/2018\/condutor-alcoolizado-fica-ferido-em-acidente-com-automovel-na-br-116-no-trevo-de-divino\/","title":{"rendered":"Condutor alcoolizado fica ferido em acidente com autom\u00f3vel na BR-116, no trevo de Divino"},"content":{"rendered":"<p><img loading=\"lazy\" decoding=\"async\" class=\"alignleft size-full wp-image-35521\" src=\"https:\/\/clickcarangola.com.br\/site\/wp-content\/uploads\/2018\/10\/Condutor-alcoolizado-01.jpeg\" alt=\"\" width=\"300\" height=\"226\" srcset=\"https:\/\/clickcarangola.com.br\/site\/wp-content\/uploads\/2018\/10\/Condutor-alcoolizado-01.jpeg 600w, https:\/\/clickcarangola.com.br\/site\/wp-content\/uploads\/2018\/10\/Condutor-alcoolizado-01-300x225.jpeg 300w, https:\/\/clickcarangola.com.br\/site\/wp-content\/uploads\/2018\/10\/Condutor-alcoolizado-01-100x75.jpeg 100w\" sizes=\"auto, (max-width: 300px) 100vw, 300px\" \/>DIVINO &#8211; O condutor de um autom\u00f3vel VW Gol &#8211; placas de Oriz\u00e2nia &#8211; ficou ferido ap\u00f3s o carro sair da pista, na altura do km 637 da BR-116, pr\u00f3ximo ao trevo de acesso ao munic\u00edpio de Divino, e se chocar com a estrutura do portal de uma propriedade rural.<\/p>\n<p>O acidente aconteceu durante a madrugada deste s\u00e1bado (13) e, segundo a Pol\u00edcia Rodovi\u00e1ria Federal (PRF), o baf\u00f4metro comprovou que o motorista estava alcoolizado.<!--more--><\/p>\n<p>O ve\u00edculo destruiu o port\u00e3o de madeira e invadiu os limites da propriedade, parando tombado com o lado do condutor para baixo. O homem sofreu diversos ferimentos, ficou preso e foi retirado do carro por militares do Corpo de Bombeiros com apoio de socorristas do Samu. Ele foi levado consciente para o Pronto Socorro Regional (PSR) do Hospital Casa de Caridade de Carangola, e a reportagem n\u00e3o obteve detalhes oficiais sobre a gravidade das les\u00f5es.<\/p>\n<p>De acordo com a PRF, no momento do acidente o motorista seguia sozinho do munic\u00edpio de Fervedouro para Oriz\u00e2nia, e o teste do baf\u00f4metro apontou 0,62 decigramas de \u00e1lcool por litro de ar expelido, \u00edndice que configura crime de tr\u00e2nsito.<\/p>\n<p>Diante da situa\u00e7\u00e3o, o motorista foi encaminhado para atendimento m\u00e9dico em Carangola na condi\u00e7\u00e3o de detido.<\/p>\n<p><strong>Confira as imagens:<\/strong><\/p>\n<p><img loading=\"lazy\" decoding=\"async\" src=\"https:\/\/clickcarangola.com.br\/site\/wp-content\/uploads\/2018\/10\/Condutor-alcoolizado-02.jpeg\" alt=\"\" width=\"400\" height=\"300\" \/><br \/>\n<img loading=\"lazy\" decoding=\"async\" src=\"https:\/\/clickcarangola.com.br\/site\/wp-content\/uploads\/2018\/10\/Condutor-alcoolizado-03.jpeg\" alt=\"\" width=\"400\" height=\"300\" \/><br \/>\n<img loading=\"lazy\" decoding=\"async\" src=\"https:\/\/clickcarangola.com.br\/site\/wp-content\/uploads\/2018\/10\/Condutor-alcoolizado-04.jpeg\" alt=\"\" width=\"400\" height=\"300\" \/><br \/>\n<img loading=\"lazy\" decoding=\"async\" src=\"https:\/\/clickcarangola.com.br\/site\/wp-content\/uploads\/2018\/10\/Condutor-alcoolizado-05.jpeg\" alt=\"\" width=\"400\" height=\"300\" \/><br \/>\n<img loading=\"lazy\" decoding=\"async\" src=\"https:\/\/clickcarangola.com.br\/site\/wp-content\/uploads\/2018\/10\/Condutor-alcoolizado-06.jpeg\" alt=\"\" width=\"400\" height=\"300\" \/><br \/>\n<img loading=\"lazy\" decoding=\"async\" src=\"https:\/\/clickcarangola.com.br\/site\/wp-content\/uploads\/2018\/10\/Condutor-alcoolizado-07.jpeg\" alt=\"\" width=\"400\" height=\"300\" \/><\/p>\n<p><strong>Por: Click Carangola<\/strong> | Com informa\u00e7\u00f5es da PRF e R\u00e1dio Muria\u00e9.<\/p>\n","protected":false},"excerpt":{"rendered":"<p>DIVINO &#8211; O condutor de um autom\u00f3vel VW Gol &#8211; placas de Oriz\u00e2nia &#8211; ficou ferido ap\u00f3s o carro sair da pista, na altura do km 637 da BR-116, pr\u00f3ximo ao trevo de acesso ao munic\u00edpio de Divino, e se chocar com a estrutura do portal de uma propriedade rural. O acidente aconteceu durante a [&hellip;]<\/p>\n","protected":false},"author":2,"featured_media":0,"comment_status":"open","ping_status":"open","sticky":false,"template":"","format":"standard","meta":{"footnotes":""},"categories":[43],"tags":[],"class_list":["post-35519","post","type-post","status-publish","format-standard","hentry","category-divino-mg"],"_links":{"self":[{"href":"https:\/\/clickcarangola.com.br\/site\/wp-json\/wp\/v2\/posts\/35519","targetHints":{"allow":["GET"]}}],"collection":[{"href":"https:\/\/clickcarangola.com.br\/site\/wp-json\/wp\/v2\/posts"}],"about":[{"href":"https:\/\/clickcarangola.com.br\/site\/wp-json\/wp\/v2\/types\/post"}],"author":[{"embeddable":true,"href":"https:\/\/clickcarangola.com.br\/site\/wp-json\/wp\/v2\/users\/2"}],"replies":[{"embeddable":true,"href":"https:\/\/clickcarangola.com.br\/site\/wp-json\/wp\/v2\/comments?post=35519"}],"version-history":[{"count":6,"href":"https:\/\/clickcarangola.com.br\/site\/wp-json\/wp\/v2\/posts\/35519\/revisions"}],"predecessor-version":[{"id":35528,"href":"https:\/\/clickcarangola.com.br\/site\/wp-json\/wp\/v2\/posts\/35519\/revisions\/35528"}],"wp:attachment":[{"href":"https:\/\/clickcarangola.com.br\/site\/wp-json\/wp\/v2\/media?parent=35519"}],"wp:term":[{"taxonomy":"category","embeddable":true,"href":"https:\/\/clickcarangola.com.br\/site\/wp-json\/wp\/v2\/categories?post=35519"},{"taxonomy":"post_tag","embeddable":true,"href":"https:\/\/clickcarangola.com.br\/site\/wp-json\/wp\/v2\/tags?post=35519"}],"curies":[{"name":"wp","href":"https:\/\/api.w.org\/{rel}","templated":true}]}}