{"id":3554,"date":"2012-02-03T16:07:38","date_gmt":"2012-02-03T19:07:38","guid":{"rendered":"https:\/\/clickcarangola.com.br\/site\/?p=3554"},"modified":"2012-02-03T16:07:38","modified_gmt":"2012-02-03T19:07:38","slug":"acao-inedita-do-governo-de-minas-vai-beneficiar-apaes-da-zona-da-mata","status":"publish","type":"post","link":"https:\/\/clickcarangola.com.br\/site\/03\/02\/2012\/acao-inedita-do-governo-de-minas-vai-beneficiar-apaes-da-zona-da-mata\/","title":{"rendered":"A\u00e7\u00e3o in\u00e9dita do Governo de Minas vai beneficiar Apaes da Zona da Mata"},"content":{"rendered":"<p style=\"text-align: justify;\"><span style=\"color: #888888;\"><img loading=\"lazy\" decoding=\"async\" class=\"size-full wp-image-3555 alignleft\" src=\"https:\/\/clickcarangola.com.br\/site\/wp-content\/uploads\/2012\/02\/Apae.jpg\" alt=\"\" width=\"125\" height=\"125\" \/>O censo de 2010 mostrou que o Brasil possui 45 milh\u00f5es de pessoas com defici\u00eancia, o que representa 24% da popula\u00e7\u00e3o. Diante desse cen\u00e1rio, o Governo de Minas tem atuado diretamente em pol\u00edticas que possibilitem a inclus\u00e3o social. Para isso, a Secretaria de Estado de Ci\u00eancia, Tecnologia e Ensino Superior (Sectes) iniciou, em 2011, a implanta\u00e7\u00e3o dos Centros Tecnol\u00f3gicos de Capacita\u00e7\u00e3o nas Associa\u00e7\u00f5es de Pais e Amigos dos Excepcionais (Apaes) de Minas Gerais.<\/span><\/p>\n<p style=\"text-align: justify;\"><span style=\"color: #888888;\">O centro vai facilitar o acesso de cada\u00a0 Apae \u00e0 internet e \u00e0s redes sociais, criando uma rede tecnol\u00f3gica de integra\u00e7\u00e3o das unidades. Ser\u00e1 formado por centros de inclus\u00e3o social e oficinas de capacita\u00e7\u00e3o profissional que ir\u00e3o funcionar em 148 munic\u00edpios mineiros, sendo cinco da Zona da Mata: Carangola, Mira\u00ed, Piedade de Ponte Nova, Ponte Nova e Vi\u00e7osa.<!--more-->\u00a0<\/span><\/p>\n<p style=\"text-align: justify;\"><span style=\"color: #888888;\">Cada centro de inclus\u00e3o social ter\u00e1 cinco computadores adaptados com aparelhos que possibilitam atender diferentes tipos de defici\u00eancia. J\u00e1 as oficinas de capacita\u00e7\u00e3o profissional ser\u00e3o inseridas em 103 munic\u00edpios, sendo 54 relacionadas \u00e0 culin\u00e1ria e 49 \u00e0 produ\u00e7\u00e3o de picol\u00e9. O objetivo \u00e9 melhorar a qualifica\u00e7\u00e3o da m\u00e3o de obra de pessoas com defici\u00eancia, possibilitando melhores oportunidades no mercado de trabalho.<\/span><\/p>\n<p style=\"text-align: justify;\"><span style=\"color: #888888;\">Para o secret\u00e1rio de Estado de Ci\u00eancia, Tecnologia e Ensino Superior, Narcio Rodrigues, a a\u00e7\u00e3o evidencia como a ci\u00eancia e tecnologia podem se converter em espa\u00e7o para constru\u00e7\u00e3o da cidadania e ser um instrumento para valorizar o ser humano. De acordo com ele, a previs\u00e3o \u00e9 de que todos os centros tecnol\u00f3gicos sejam instalados no ano de 2012. O projeto \u00e9 resultado da parceria entre o Governo de Minas, a Federa\u00e7\u00e3o Nacional das Apaes (Fenapaes) e a Federa\u00e7\u00e3o das Apaes do Estado de Minas Gerais, com recursos que somam R$ 5,4 milh\u00f5es divididos igualmente entre o Governo do Estado e o governo federal, por meio de emenda do deputado federal Eduardo Barbosa, que preside a Fenapaes.<\/span><\/p>\n<p style=\"text-align: justify;\"><span style=\"color: #888888;\">Informa\u00e7\u00f5es: Portal Click\/Ag\u00eancia Minas.<\/span><\/p>\n<p style=\"text-align: justify;\"><strong><span style=\"color: #888888;\">Por: Click Carangola<\/span><\/strong><\/p>\n","protected":false},"excerpt":{"rendered":"<p>O censo de 2010 mostrou que o Brasil possui 45 milh\u00f5es de pessoas com defici\u00eancia, o que representa 24% da popula\u00e7\u00e3o. Diante desse cen\u00e1rio, o Governo de Minas tem atuado diretamente em pol\u00edticas que possibilitem a inclus\u00e3o social. Para isso, a Secretaria de Estado de Ci\u00eancia, Tecnologia e Ensino Superior (Sectes) iniciou, em 2011, a [&hellip;]<\/p>\n","protected":false},"author":2,"featured_media":0,"comment_status":"open","ping_status":"open","sticky":false,"template":"","format":"standard","meta":{"footnotes":""},"categories":[37],"tags":[],"class_list":["post-3554","post","type-post","status-publish","format-standard","hentry","category-carangola-mg"],"_links":{"self":[{"href":"https:\/\/clickcarangola.com.br\/site\/wp-json\/wp\/v2\/posts\/3554","targetHints":{"allow":["GET"]}}],"collection":[{"href":"https:\/\/clickcarangola.com.br\/site\/wp-json\/wp\/v2\/posts"}],"about":[{"href":"https:\/\/clickcarangola.com.br\/site\/wp-json\/wp\/v2\/types\/post"}],"author":[{"embeddable":true,"href":"https:\/\/clickcarangola.com.br\/site\/wp-json\/wp\/v2\/users\/2"}],"replies":[{"embeddable":true,"href":"https:\/\/clickcarangola.com.br\/site\/wp-json\/wp\/v2\/comments?post=3554"}],"version-history":[{"count":1,"href":"https:\/\/clickcarangola.com.br\/site\/wp-json\/wp\/v2\/posts\/3554\/revisions"}],"predecessor-version":[{"id":3556,"href":"https:\/\/clickcarangola.com.br\/site\/wp-json\/wp\/v2\/posts\/3554\/revisions\/3556"}],"wp:attachment":[{"href":"https:\/\/clickcarangola.com.br\/site\/wp-json\/wp\/v2\/media?parent=3554"}],"wp:term":[{"taxonomy":"category","embeddable":true,"href":"https:\/\/clickcarangola.com.br\/site\/wp-json\/wp\/v2\/categories?post=3554"},{"taxonomy":"post_tag","embeddable":true,"href":"https:\/\/clickcarangola.com.br\/site\/wp-json\/wp\/v2\/tags?post=3554"}],"curies":[{"name":"wp","href":"https:\/\/api.w.org\/{rel}","templated":true}]}}