{"id":35747,"date":"2018-10-31T20:00:11","date_gmt":"2018-10-31T23:00:11","guid":{"rendered":"https:\/\/clickcarangola.com.br\/site\/?p=35747"},"modified":"2018-11-03T16:26:11","modified_gmt":"2018-11-03T19:26:11","slug":"motociclista-morre-apos-colidir-com-charrete-na-rodovia-mg-265","status":"publish","type":"post","link":"https:\/\/clickcarangola.com.br\/site\/31\/10\/2018\/motociclista-morre-apos-colidir-com-charrete-na-rodovia-mg-265\/","title":{"rendered":"Motociclista morre ap\u00f3s colidir com charrete na rodovia MG-265"},"content":{"rendered":"<p><img loading=\"lazy\" decoding=\"async\" class=\"alignleft size-full wp-image-35748\" src=\"https:\/\/clickcarangola.com.br\/site\/wp-content\/uploads\/2018\/11\/Motociclista-morre-265-01.jpg\" alt=\"\" width=\"300\" height=\"226\" \/>DIVINO &#8211; Um motociclista morreu no in\u00edcio da noite desta quarta-feira (31) ap\u00f3s colidir contra uma charrete na altura do km 19, da MG-265, no munic\u00edpio de Divino &#8211; a cerca de 25 km de Carangola.<\/p>\n<p>Conforme informa\u00e7\u00f5es da pol\u00edcia, a charrete cruzava a rodovia quando foi atingida pela motocicleta, que trafegava no sentido Divino &#8211; BR-116.<!--more--><\/p>\n<p>O motociclista morreu no local e foi identificado como Jo\u00e3o Paulo de Abreu, de 27 anos.<\/p>\n<p>Equipes da Pol\u00edcia Militar e uma ambul\u00e2ncia da Prefeitura de Divino compareceram ao local. Devido a batida, a charrete ficou bastante danificada e um dos cavalos acabou falecendo.<\/p>\n<p>O condutor da charrete foi socorrido e levado para o Hospital Divinense com suspeita de fratura em uma das pernas. Posteriormente, foi encaminhado ao Pronto Socorro Regional (PSR) da Casa de Caridade de Carangola.<\/p>\n<p>O local foi isolado e a per\u00edcia acionada.<\/p>\n<p>Ap\u00f3s os trabalhos de praxe, o corpo foi encaminhado ao Instituto M\u00e9dico Legal (IML).<\/p>\n<p><strong>Confira as imagens:<\/strong><\/p>\n<p><img loading=\"lazy\" decoding=\"async\" src=\"https:\/\/clickcarangola.com.br\/site\/wp-content\/uploads\/2018\/11\/Motociclista-morre-265-02.jpg\" alt=\"\" width=\"400\" height=\"300\" \/><\/p>\n<p><strong>Por: Click Carangola<\/strong> | Com informa\u00e7\u00f5es Divino Not\u00edcias.<\/p>\n","protected":false},"excerpt":{"rendered":"<p>DIVINO &#8211; Um motociclista morreu no in\u00edcio da noite desta quarta-feira (31) ap\u00f3s colidir contra uma charrete na altura do km 19, da MG-265, no munic\u00edpio de Divino &#8211; a cerca de 25 km de Carangola. Conforme informa\u00e7\u00f5es da pol\u00edcia, a charrete cruzava a rodovia quando foi atingida pela motocicleta, que trafegava no sentido Divino [&hellip;]<\/p>\n","protected":false},"author":2,"featured_media":0,"comment_status":"open","ping_status":"open","sticky":false,"template":"","format":"standard","meta":{"footnotes":""},"categories":[43],"tags":[],"class_list":["post-35747","post","type-post","status-publish","format-standard","hentry","category-divino-mg"],"_links":{"self":[{"href":"https:\/\/clickcarangola.com.br\/site\/wp-json\/wp\/v2\/posts\/35747","targetHints":{"allow":["GET"]}}],"collection":[{"href":"https:\/\/clickcarangola.com.br\/site\/wp-json\/wp\/v2\/posts"}],"about":[{"href":"https:\/\/clickcarangola.com.br\/site\/wp-json\/wp\/v2\/types\/post"}],"author":[{"embeddable":true,"href":"https:\/\/clickcarangola.com.br\/site\/wp-json\/wp\/v2\/users\/2"}],"replies":[{"embeddable":true,"href":"https:\/\/clickcarangola.com.br\/site\/wp-json\/wp\/v2\/comments?post=35747"}],"version-history":[{"count":4,"href":"https:\/\/clickcarangola.com.br\/site\/wp-json\/wp\/v2\/posts\/35747\/revisions"}],"predecessor-version":[{"id":35753,"href":"https:\/\/clickcarangola.com.br\/site\/wp-json\/wp\/v2\/posts\/35747\/revisions\/35753"}],"wp:attachment":[{"href":"https:\/\/clickcarangola.com.br\/site\/wp-json\/wp\/v2\/media?parent=35747"}],"wp:term":[{"taxonomy":"category","embeddable":true,"href":"https:\/\/clickcarangola.com.br\/site\/wp-json\/wp\/v2\/categories?post=35747"},{"taxonomy":"post_tag","embeddable":true,"href":"https:\/\/clickcarangola.com.br\/site\/wp-json\/wp\/v2\/tags?post=35747"}],"curies":[{"name":"wp","href":"https:\/\/api.w.org\/{rel}","templated":true}]}}