{"id":3613,"date":"2012-02-07T11:42:38","date_gmt":"2012-02-07T14:42:38","guid":{"rendered":"https:\/\/clickcarangola.com.br\/site\/?p=3613"},"modified":"2012-02-07T11:42:38","modified_gmt":"2012-02-07T14:42:38","slug":"unidades-de-campanha-e-carangola-comecam-a-ser-incorporadas-pela-uemg","status":"publish","type":"post","link":"https:\/\/clickcarangola.com.br\/site\/07\/02\/2012\/unidades-de-campanha-e-carangola-comecam-a-ser-incorporadas-pela-uemg\/","title":{"rendered":"Unidades de Campanha e Carangola come\u00e7am a ser incorporadas pela UEMG"},"content":{"rendered":"<p style=\"text-align: justify;\"><span style=\"color: #888888;\"><img loading=\"lazy\" decoding=\"async\" class=\"size-medium wp-image-3614 alignleft\" src=\"https:\/\/clickcarangola.com.br\/site\/wp-content\/uploads\/2012\/02\/IMG_00000037-300x168.jpg\" alt=\"\" width=\"300\" height=\"226\" \/>Duas unidades associadas \u00e0 UEMG (Universidade do Estado de Minas Gerais) come\u00e7aram a ser incorporadas pelo Governo de Minas. Em reuni\u00e3o realizada no dia 17 de janeiro, na cidade Administrativa Tancredo de Almeida Neves, o subsecret\u00e1rio de Estado Ci\u00eancia, Tecnologia e Ensino Superior e presidente do Conselho Curador da FESP (Funda\u00e7\u00e3o de Ensino Superior de Passos), professor Fabio Pimenta Esper Kallas, informou que as associadas de Carangola e Campanha ser\u00e3o as primeiras e dever\u00e3o se tornar efetivamente estaduais at\u00e9 o fim deste ano. Durante a reuni\u00e3o, foi discutido o modelo de estadualiza\u00e7\u00e3o, atualiza\u00e7\u00e3o de dados e cronogramas de atividades.<\/span><\/p>\n<p style=\"text-align: justify;\"><span style=\"color: #888888;\">O processo de estadualiza\u00e7\u00e3o das unidades associadas faz parte do Projeto Estruturador do Governo de Minas que tem como meta incorporar todas as seis unidades at\u00e9 o fim de 2014.<!--more--><\/span><\/p>\n<p style=\"text-align: justify;\"><span style=\"color: #888888;\"><img loading=\"lazy\" decoding=\"async\" class=\"size-medium wp-image-3615 alignleft\" src=\"https:\/\/clickcarangola.com.br\/site\/wp-content\/uploads\/2012\/02\/IMG_00000039-300x168.jpg\" alt=\"\" width=\"300\" height=\"226\" \/>Segundo o Pr\u00f3-Reitor de Planejamento, Gest\u00e3o e Finan\u00e7as da UEMG, professor Giov\u00e2nio Aguiar, o in\u00edcio da incorpora\u00e7\u00e3o depende agora de uma avalia\u00e7\u00e3o da Advocacia Geral do Estado sobre a quest\u00e3o jur\u00eddica. \u201cA UEMG v\u00ea com os melhores olhos poss\u00edveis esta estadualiza\u00e7\u00e3o. Todos s\u00f3 t\u00eam a ganhar com isso. J\u00e1 temos os dados financeiros atualizados e precisamos agora deste posicionamento da AGE, que vai nortear juridicamente o melhor modelo de estadualiza\u00e7\u00e3o das unidades\u201d, explica o pr\u00f3-reitor que esteve na reuni\u00e3o juntamente com os presidentes Prof. Braz Cosenza (Unidade de Carangola) e Prof. Ivan Ferrer Maia (Unidade de Campanha), do Subsecret\u00e1rio de Ensino Superior Prof. Fabio Kallas, o Prof. Eduardo Santa Cecilia, Chefe de Gabinete da UEMG e ainda representante da Secretaria de Estado de Planejamento e Gest\u00e3o.<\/span><\/p>\n<p style=\"text-align: justify;\"><span style=\"color: #888888;\">Durante o processo de transi\u00e7\u00e3o, uma das a\u00e7\u00f5es do Governo ser\u00e1 aumentar gradativamente o investimento no programa de bolsas PROUEMG, que concede descontos de at\u00e9 50% do valor das mensalidades.<\/span><\/p>\n<p style=\"text-align: justify;\"><span style=\"color: #888888;\">A UEMG \u00e9 hoje formada por seis unidades ainda em processo de estadualiza\u00e7\u00e3o nas cidades de Campanha (FCCP), Carangola (Fafile), Diamantina (Fevale), Divin\u00f3polis (Funedi), Ituiutaba (Feit) e Passos (Fesp).<\/span><\/p>\n<p style=\"text-align: justify;\"><span style=\"color: #888888;\">De acordo com o subsecret\u00e1rio Fabio Kallas as unidades de Carangola e Campanha ser\u00e3o as primeiras porque s\u00e3o menores e possuem estruturas mais simples. \u201cA previs\u00e3o \u00e9 de que at\u00e9 o fim do ano as duas j\u00e1 estejam efetivamente estadualizadas e a unidade de Diamantina comece tamb\u00e9m a ser estadualizada\u201d, afirma.<\/span><\/p>\n<p style=\"text-align: justify;\"><span style=\"color: #888888;\">Informa\u00e7\u00f5es: Assessoria da Fesp.<\/span><\/p>\n<p style=\"text-align: justify;\"><strong><span style=\"color: #888888;\">Por: Click Carangola<\/span><\/strong><\/p>\n","protected":false},"excerpt":{"rendered":"<p>Duas unidades associadas \u00e0 UEMG (Universidade do Estado de Minas Gerais) come\u00e7aram a ser incorporadas pelo Governo de Minas. Em reuni\u00e3o realizada no dia 17 de janeiro, na cidade Administrativa Tancredo de Almeida Neves, o subsecret\u00e1rio de Estado Ci\u00eancia, Tecnologia e Ensino Superior e presidente do Conselho Curador da FESP (Funda\u00e7\u00e3o de Ensino Superior de [&hellip;]<\/p>\n","protected":false},"author":2,"featured_media":0,"comment_status":"open","ping_status":"open","sticky":false,"template":"","format":"standard","meta":{"footnotes":""},"categories":[37],"tags":[],"class_list":["post-3613","post","type-post","status-publish","format-standard","hentry","category-carangola-mg"],"_links":{"self":[{"href":"https:\/\/clickcarangola.com.br\/site\/wp-json\/wp\/v2\/posts\/3613","targetHints":{"allow":["GET"]}}],"collection":[{"href":"https:\/\/clickcarangola.com.br\/site\/wp-json\/wp\/v2\/posts"}],"about":[{"href":"https:\/\/clickcarangola.com.br\/site\/wp-json\/wp\/v2\/types\/post"}],"author":[{"embeddable":true,"href":"https:\/\/clickcarangola.com.br\/site\/wp-json\/wp\/v2\/users\/2"}],"replies":[{"embeddable":true,"href":"https:\/\/clickcarangola.com.br\/site\/wp-json\/wp\/v2\/comments?post=3613"}],"version-history":[{"count":1,"href":"https:\/\/clickcarangola.com.br\/site\/wp-json\/wp\/v2\/posts\/3613\/revisions"}],"predecessor-version":[{"id":3616,"href":"https:\/\/clickcarangola.com.br\/site\/wp-json\/wp\/v2\/posts\/3613\/revisions\/3616"}],"wp:attachment":[{"href":"https:\/\/clickcarangola.com.br\/site\/wp-json\/wp\/v2\/media?parent=3613"}],"wp:term":[{"taxonomy":"category","embeddable":true,"href":"https:\/\/clickcarangola.com.br\/site\/wp-json\/wp\/v2\/categories?post=3613"},{"taxonomy":"post_tag","embeddable":true,"href":"https:\/\/clickcarangola.com.br\/site\/wp-json\/wp\/v2\/tags?post=3613"}],"curies":[{"name":"wp","href":"https:\/\/api.w.org\/{rel}","templated":true}]}}