{"id":36142,"date":"2018-12-05T08:00:01","date_gmt":"2018-12-05T11:00:01","guid":{"rendered":"https:\/\/clickcarangola.com.br\/site\/?p=36142"},"modified":"2018-12-05T10:06:49","modified_gmt":"2018-12-05T13:06:49","slug":"condenado-por-estupro-e-preso-em-pedra-bonita","status":"publish","type":"post","link":"https:\/\/clickcarangola.com.br\/site\/05\/12\/2018\/condenado-por-estupro-e-preso-em-pedra-bonita\/","title":{"rendered":"Condenado por estupro \u00e9 preso em Pedra Bonita"},"content":{"rendered":"<p><img loading=\"lazy\" decoding=\"async\" class=\"alignleft size-full wp-image-36143\" src=\"https:\/\/clickcarangola.com.br\/site\/wp-content\/uploads\/2018\/12\/Condenado-por-estupro.jpg\" alt=\"\" width=\"300\" height=\"226\" srcset=\"https:\/\/clickcarangola.com.br\/site\/wp-content\/uploads\/2018\/12\/Condenado-por-estupro.jpg 1040w, https:\/\/clickcarangola.com.br\/site\/wp-content\/uploads\/2018\/12\/Condenado-por-estupro-300x225.jpg 300w, https:\/\/clickcarangola.com.br\/site\/wp-content\/uploads\/2018\/12\/Condenado-por-estupro-768x576.jpg 768w, https:\/\/clickcarangola.com.br\/site\/wp-content\/uploads\/2018\/12\/Condenado-por-estupro-1024x768.jpg 1024w, https:\/\/clickcarangola.com.br\/site\/wp-content\/uploads\/2018\/12\/Condenado-por-estupro-100x75.jpg 100w\" sizes=\"auto, (max-width: 300px) 100vw, 300px\" \/>PEDRA BONITA &#8211; Equipe de Policiais Civis de Abre Campo e Matip\u00f3 realizaram a pris\u00e3o de Ant\u00f4nio Cl\u00e1udio Sarapia, de 52 anos, no &#8220;C\u00f3rrego do Bel\u00e9m&#8221;, na cidade de Pedra Bonita, nesta ter\u00e7a-feira (04\/12).<\/p>\n<p>Segundo a Pol\u00edcia Civil de Minas Gerais (PCMG), ele foi condenado a 10 anos e oito meses de pris\u00e3o pelo crime de estupro ocorrido no ano de 2009 em Pedra Bonita. O mandado de pris\u00e3o foi expedido pela Justi\u00e7a ap\u00f3s o tr\u00e2nsito em julgado do processo.<!--more--><\/p>\n<p>O autor foi encaminhado ao Pres\u00eddio de Abre Campo e est\u00e1 \u00e0 disposi\u00e7\u00e3o do Judici\u00e1rio.<\/p>\n<p>A dilig\u00eancia foi coordenada pelo delegado Dr. Felipe de Ornelas Caldas e realizada pela equipe de Investigadores Ed\u00e9r L\u00facio Mar\u00e7al, Camila de Moura Godinho, Ronaldo de Assis Mamedio e Lucas Adler Rodrigues de Britto.<\/p>\n<p><strong>Por: Click Carangola<\/strong> | Com informa\u00e7\u00f5es da PC e P. Capara\u00f3.<\/p>\n","protected":false},"excerpt":{"rendered":"<p>PEDRA BONITA &#8211; Equipe de Policiais Civis de Abre Campo e Matip\u00f3 realizaram a pris\u00e3o de Ant\u00f4nio Cl\u00e1udio Sarapia, de 52 anos, no &#8220;C\u00f3rrego do Bel\u00e9m&#8221;, na cidade de Pedra Bonita, nesta ter\u00e7a-feira (04\/12). Segundo a Pol\u00edcia Civil de Minas Gerais (PCMG), ele foi condenado a 10 anos e oito meses de pris\u00e3o pelo crime [&hellip;]<\/p>\n","protected":false},"author":2,"featured_media":0,"comment_status":"open","ping_status":"open","sticky":false,"template":"","format":"standard","meta":{"footnotes":""},"categories":[87],"tags":[],"class_list":["post-36142","post","type-post","status-publish","format-standard","hentry","category-pedrabonita-mg"],"_links":{"self":[{"href":"https:\/\/clickcarangola.com.br\/site\/wp-json\/wp\/v2\/posts\/36142","targetHints":{"allow":["GET"]}}],"collection":[{"href":"https:\/\/clickcarangola.com.br\/site\/wp-json\/wp\/v2\/posts"}],"about":[{"href":"https:\/\/clickcarangola.com.br\/site\/wp-json\/wp\/v2\/types\/post"}],"author":[{"embeddable":true,"href":"https:\/\/clickcarangola.com.br\/site\/wp-json\/wp\/v2\/users\/2"}],"replies":[{"embeddable":true,"href":"https:\/\/clickcarangola.com.br\/site\/wp-json\/wp\/v2\/comments?post=36142"}],"version-history":[{"count":2,"href":"https:\/\/clickcarangola.com.br\/site\/wp-json\/wp\/v2\/posts\/36142\/revisions"}],"predecessor-version":[{"id":36145,"href":"https:\/\/clickcarangola.com.br\/site\/wp-json\/wp\/v2\/posts\/36142\/revisions\/36145"}],"wp:attachment":[{"href":"https:\/\/clickcarangola.com.br\/site\/wp-json\/wp\/v2\/media?parent=36142"}],"wp:term":[{"taxonomy":"category","embeddable":true,"href":"https:\/\/clickcarangola.com.br\/site\/wp-json\/wp\/v2\/categories?post=36142"},{"taxonomy":"post_tag","embeddable":true,"href":"https:\/\/clickcarangola.com.br\/site\/wp-json\/wp\/v2\/tags?post=36142"}],"curies":[{"name":"wp","href":"https:\/\/api.w.org\/{rel}","templated":true}]}}