{"id":36880,"date":"2019-01-26T08:00:39","date_gmt":"2019-01-26T11:00:39","guid":{"rendered":"https:\/\/clickcarangola.com.br\/site\/?p=36880"},"modified":"2019-01-26T14:36:48","modified_gmt":"2019-01-26T17:36:48","slug":"carreta-com-embalagens-de-vidro-pega-fogo-na-br-116","status":"publish","type":"post","link":"https:\/\/clickcarangola.com.br\/site\/26\/01\/2019\/carreta-com-embalagens-de-vidro-pega-fogo-na-br-116\/","title":{"rendered":"Carreta com embalagens de vidro pega fogo na BR-116"},"content":{"rendered":"<p><img loading=\"lazy\" decoding=\"async\" class=\"alignleft size-full wp-image-36882\" src=\"https:\/\/clickcarangola.com.br\/site\/wp-content\/uploads\/2019\/01\/Carreta-com-embalagens-de-vidro-01.jpg\" alt=\"\" width=\"300\" height=\"226\" srcset=\"https:\/\/clickcarangola.com.br\/site\/wp-content\/uploads\/2019\/01\/Carreta-com-embalagens-de-vidro-01.jpg 600w, https:\/\/clickcarangola.com.br\/site\/wp-content\/uploads\/2019\/01\/Carreta-com-embalagens-de-vidro-01-300x225.jpg 300w, https:\/\/clickcarangola.com.br\/site\/wp-content\/uploads\/2019\/01\/Carreta-com-embalagens-de-vidro-01-100x75.jpg 100w\" sizes=\"auto, (max-width: 300px) 100vw, 300px\" \/>S\u00c3O FRANCISCO DO GL\u00d3RIA &#8211; Uma carreta que seguia com destino a cidade de Cama\u00e7ari, na Bahia, e transportava embalagens de vidro para perfume, pegou fogo na tarde desta sexta-feira (25), na BR-116, entre Miradouro e Bicu\u00edba, Distrito de S\u00e3o Francisco do Gl\u00f3ria.<\/p>\n<p>O motorista conseguiu sair a tempo do ve\u00edculo e n\u00e3o ficou ferido. O Corpo de Bombeiros foi acionado, e com duas mangueiras na linha de ataque, conseguiu debelar o fogo.<!--more--><\/p>\n<p>A carreta ficou totalmente destru\u00edda, bem como a carga. A opera\u00e7\u00e3o do Corpo de Bombeiros consumiu cerca de 10 mil litros de \u00e1gua.<\/p>\n<p>No trabalho de socorro, tamb\u00e9m foi utilizada uma retroescavadeira, conseguida na cidade de S\u00e3o Francisco do Gl\u00f3ria.<\/p>\n<p><strong>Confira as imagens e o v\u00eddeo:<\/strong><\/p>\n<p><img loading=\"lazy\" decoding=\"async\" src=\"https:\/\/clickcarangola.com.br\/site\/wp-content\/uploads\/2019\/01\/Carreta-com-embalagens-de-vidro-02.jpg\" alt=\"\" width=\"400\" height=\"300\" \/><br \/>\n<img loading=\"lazy\" decoding=\"async\" src=\"https:\/\/clickcarangola.com.br\/site\/wp-content\/uploads\/2019\/01\/Carreta-com-embalagens-de-vidro-03.jpg\" alt=\"\" width=\"400\" height=\"300\" \/><br \/>\n<img loading=\"lazy\" decoding=\"async\" src=\"https:\/\/clickcarangola.com.br\/site\/wp-content\/uploads\/2019\/01\/Carreta-com-embalagens-de-vidro-04.jpg\" alt=\"\" width=\"400\" height=\"300\" \/><br \/>\n<img loading=\"lazy\" decoding=\"async\" src=\"https:\/\/clickcarangola.com.br\/site\/wp-content\/uploads\/2019\/01\/Carreta-com-embalagens-de-vidro-05.jpg\" alt=\"\" width=\"400\" height=\"300\" \/><\/p>\n<p><iframe loading=\"lazy\" style=\"border: none; overflow: hidden;\" src=\"https:\/\/www.facebook.com\/plugins\/video.php?href=https%3A%2F%2Fwww.facebook.com%2Fclick.carangola%2Fvideos%2F286747282014710%2F&amp;show_text=0&amp;width=261\" width=\"261\" height=\"476\" frameborder=\"0\" scrolling=\"no\" allowfullscreen=\"allowfullscreen\"><\/iframe><\/p>\n<p><strong>Por: Click Carangola<\/strong> | Com informa\u00e7\u00f5es do CB e R\u00e1dio Muria\u00e9.<\/p>\n","protected":false},"excerpt":{"rendered":"<p>S\u00c3O FRANCISCO DO GL\u00d3RIA &#8211; Uma carreta que seguia com destino a cidade de Cama\u00e7ari, na Bahia, e transportava embalagens de vidro para perfume, pegou fogo na tarde desta sexta-feira (25), na BR-116, entre Miradouro e Bicu\u00edba, Distrito de S\u00e3o Francisco do Gl\u00f3ria. O motorista conseguiu sair a tempo do ve\u00edculo e n\u00e3o ficou ferido. [&hellip;]<\/p>\n","protected":false},"author":2,"featured_media":0,"comment_status":"open","ping_status":"open","sticky":false,"template":"","format":"standard","meta":{"footnotes":""},"categories":[55],"tags":[],"class_list":["post-36880","post","type-post","status-publish","format-standard","hentry","category-saofranciscodogloria-mg"],"_links":{"self":[{"href":"https:\/\/clickcarangola.com.br\/site\/wp-json\/wp\/v2\/posts\/36880","targetHints":{"allow":["GET"]}}],"collection":[{"href":"https:\/\/clickcarangola.com.br\/site\/wp-json\/wp\/v2\/posts"}],"about":[{"href":"https:\/\/clickcarangola.com.br\/site\/wp-json\/wp\/v2\/types\/post"}],"author":[{"embeddable":true,"href":"https:\/\/clickcarangola.com.br\/site\/wp-json\/wp\/v2\/users\/2"}],"replies":[{"embeddable":true,"href":"https:\/\/clickcarangola.com.br\/site\/wp-json\/wp\/v2\/comments?post=36880"}],"version-history":[{"count":5,"href":"https:\/\/clickcarangola.com.br\/site\/wp-json\/wp\/v2\/posts\/36880\/revisions"}],"predecessor-version":[{"id":36887,"href":"https:\/\/clickcarangola.com.br\/site\/wp-json\/wp\/v2\/posts\/36880\/revisions\/36887"}],"wp:attachment":[{"href":"https:\/\/clickcarangola.com.br\/site\/wp-json\/wp\/v2\/media?parent=36880"}],"wp:term":[{"taxonomy":"category","embeddable":true,"href":"https:\/\/clickcarangola.com.br\/site\/wp-json\/wp\/v2\/categories?post=36880"},{"taxonomy":"post_tag","embeddable":true,"href":"https:\/\/clickcarangola.com.br\/site\/wp-json\/wp\/v2\/tags?post=36880"}],"curies":[{"name":"wp","href":"https:\/\/api.w.org\/{rel}","templated":true}]}}