{"id":3693,"date":"2012-02-12T08:09:34","date_gmt":"2012-02-12T11:09:34","guid":{"rendered":"https:\/\/clickcarangola.com.br\/site\/?p=3693"},"modified":"2012-02-13T13:33:20","modified_gmt":"2012-02-13T16:33:20","slug":"homem-e-preso-em-carangola-por-furtar-celular-e-um-par-de-chinelos","status":"publish","type":"post","link":"https:\/\/clickcarangola.com.br\/site\/12\/02\/2012\/homem-e-preso-em-carangola-por-furtar-celular-e-um-par-de-chinelos\/","title":{"rendered":"Homem \u00e9 preso em Carangola por furtar celular e um par de chinelos"},"content":{"rendered":"<p style=\"text-align: justify;\"><span style=\"color: #888888;\"><img loading=\"lazy\" decoding=\"async\" class=\"alignleft\" src=\"https:\/\/www.radiomuriae.com.br\/admin\/am\/noticias\/fotos\/1_57.jpg\" alt=\"\" width=\"300\" height=\"226\" align=\"absMiddle\" \/><\/span><\/p>\n<p style=\"text-align: justify;\"><span style=\"color: #888888;\">Um rapaz de 18 anos, calceteiro, foi preso em flagrante depois de furtar um par de chinelos e um telefone celular. O fato aconteceu na Rua 25 de Dezembro no centro de Carangola.<\/span><\/p>\n<p style=\"text-align: justify;\"><span style=\"color: #888888;\">A v\u00edtima conta que saiu de casa por alguns minutos para ir at\u00e9 a casa de uma vizinha, e como n\u00e3o pretendia demorar deixou a janela da frente aberta. Quanto estava na vizinha algu\u00e9m deu o alarme do furto.<!--more--><\/span><\/p>\n<p style=\"text-align: justify;\"><span style=\"color: #888888;\">\u00a0<\/span><\/p>\n<p style=\"text-align: justify;\"><span style=\"color: #888888;\"><img loading=\"lazy\" decoding=\"async\" class=\"alignleft\" src=\"https:\/\/radiomuriae.com.br\/UserFiles\/2(54).jpg\" alt=\"\" width=\"300\" height=\"226\" \/>O autor que havia pego um par de chinelos e um telefone celular, fugiu, deixando os chinelos no local, mas levou o celular. Testemunhas ent\u00e3o passaram a perseguir o rapaz, que, segundo testemunhas mora em Faria Lemos.<\/span>\u00a0<\/p>\n<p style=\"text-align: justify;\"><span style=\"color: #888888;\">A pol\u00edcia foi avisada e localizou o rapaz naquela cidade. Quando confessou o crime, o ladr\u00e3o ainda afirmou que pretendia levar tamb\u00e9m o aparelho de som da casa, mas desistiu porque algu\u00e9m gritou. O autor foi preso em flagrante. Com informa\u00e7\u00f5es da PM e R\u00e1dio Muria\u00e9.<\/span><\/p>\n<p style=\"text-align: justify;\"><strong><span style=\"color: #888888;\">Por: Click Carangola<\/span><\/strong><\/p>\n","protected":false},"excerpt":{"rendered":"<p>Um rapaz de 18 anos, calceteiro, foi preso em flagrante depois de furtar um par de chinelos e um telefone celular. O fato aconteceu na Rua 25 de Dezembro no centro de Carangola. A v\u00edtima conta que saiu de casa por alguns minutos para ir at\u00e9 a casa de uma vizinha, e como n\u00e3o pretendia [&hellip;]<\/p>\n","protected":false},"author":2,"featured_media":0,"comment_status":"open","ping_status":"open","sticky":false,"template":"","format":"standard","meta":{"footnotes":""},"categories":[37],"tags":[],"class_list":["post-3693","post","type-post","status-publish","format-standard","hentry","category-carangola-mg"],"_links":{"self":[{"href":"https:\/\/clickcarangola.com.br\/site\/wp-json\/wp\/v2\/posts\/3693","targetHints":{"allow":["GET"]}}],"collection":[{"href":"https:\/\/clickcarangola.com.br\/site\/wp-json\/wp\/v2\/posts"}],"about":[{"href":"https:\/\/clickcarangola.com.br\/site\/wp-json\/wp\/v2\/types\/post"}],"author":[{"embeddable":true,"href":"https:\/\/clickcarangola.com.br\/site\/wp-json\/wp\/v2\/users\/2"}],"replies":[{"embeddable":true,"href":"https:\/\/clickcarangola.com.br\/site\/wp-json\/wp\/v2\/comments?post=3693"}],"version-history":[{"count":7,"href":"https:\/\/clickcarangola.com.br\/site\/wp-json\/wp\/v2\/posts\/3693\/revisions"}],"predecessor-version":[{"id":3717,"href":"https:\/\/clickcarangola.com.br\/site\/wp-json\/wp\/v2\/posts\/3693\/revisions\/3717"}],"wp:attachment":[{"href":"https:\/\/clickcarangola.com.br\/site\/wp-json\/wp\/v2\/media?parent=3693"}],"wp:term":[{"taxonomy":"category","embeddable":true,"href":"https:\/\/clickcarangola.com.br\/site\/wp-json\/wp\/v2\/categories?post=3693"},{"taxonomy":"post_tag","embeddable":true,"href":"https:\/\/clickcarangola.com.br\/site\/wp-json\/wp\/v2\/tags?post=3693"}],"curies":[{"name":"wp","href":"https:\/\/api.w.org\/{rel}","templated":true}]}}