{"id":37000,"date":"2019-02-04T07:00:41","date_gmt":"2019-02-04T10:00:41","guid":{"rendered":"https:\/\/clickcarangola.com.br\/site\/?p=37000"},"modified":"2019-02-05T10:11:46","modified_gmt":"2019-02-05T13:11:46","slug":"carreta-tomba-na-br-116-e-pessoas-saqueiam-a-carga-de-ventiladores","status":"publish","type":"post","link":"https:\/\/clickcarangola.com.br\/site\/04\/02\/2019\/carreta-tomba-na-br-116-e-pessoas-saqueiam-a-carga-de-ventiladores\/","title":{"rendered":"Carreta tomba na BR-116 e pessoas saqueiam a carga de ventiladores"},"content":{"rendered":"<div><img loading=\"lazy\" decoding=\"async\" class=\"alignleft size-full wp-image-37002\" src=\"https:\/\/clickcarangola.com.br\/site\/wp-content\/uploads\/2019\/02\/Carreta-com-ventiladores-01.jpg\" alt=\"\" width=\"300\" height=\"226\" srcset=\"https:\/\/clickcarangola.com.br\/site\/wp-content\/uploads\/2019\/02\/Carreta-com-ventiladores-01.jpg 712w, https:\/\/clickcarangola.com.br\/site\/wp-content\/uploads\/2019\/02\/Carreta-com-ventiladores-01-300x225.jpg 300w, https:\/\/clickcarangola.com.br\/site\/wp-content\/uploads\/2019\/02\/Carreta-com-ventiladores-01-100x75.jpg 100w\" sizes=\"auto, (max-width: 300px) 100vw, 300px\" \/>DIVINO &#8211;\u00a0A Pol\u00edcia Rodovi\u00e1ria Federal (PRF) registrou um acidente com uma carreta carregada com ventiladores neste domingo (03\/02), por volta de 17 horas, na BR-116, entre Divino e Fervedouro &#8211; a cerca de 25 km de Carangola.<\/div>\n<p>O motorista da carreta n\u00e3o se feriu. O ve\u00edculo saiu da pista e tombou numa \u00e1rea lateral, e por pouco, n\u00e3o despencou barranco abaixo.<!--more--><\/p>\n<p>Enquanto a PRF n\u00e3o chegava, populares chegaram a arrombar o ba\u00fa da carreta e saquearam parte da carga de ventiladores.<\/p>\n<p>A PRF afastou todos os saqueadores e come\u00e7ou a determinar que curiosos n\u00e3o parassem no local.<\/p>\n<p>A Pol\u00edcia Militar (PM) de Fervedouro tamb\u00e9m deu apoio na ocorr\u00eancia, enquanto um guincho foi acionado, bem como a seguradora para o transbordo do restante da carga.<\/p>\n<p><strong>Confira as imagens:<\/strong><\/p>\n<p><img loading=\"lazy\" decoding=\"async\" src=\"https:\/\/clickcarangola.com.br\/site\/wp-content\/uploads\/2019\/02\/Carreta-com-ventiladores-02.jpg\" alt=\"\" width=\"400\" height=\"300\" \/><br \/>\n<img loading=\"lazy\" decoding=\"async\" src=\"https:\/\/clickcarangola.com.br\/site\/wp-content\/uploads\/2019\/02\/Carreta-com-ventiladores-03.jpg\" alt=\"\" width=\"400\" height=\"300\" \/><\/p>\n<p><strong>Por: Click Carangola<\/strong> | Com informa\u00e7\u00f5es Paulo Roberto da R\u00e1dio.<\/p>\n","protected":false},"excerpt":{"rendered":"<p>DIVINO &#8211;\u00a0A Pol\u00edcia Rodovi\u00e1ria Federal (PRF) registrou um acidente com uma carreta carregada com ventiladores neste domingo (03\/02), por volta de 17 horas, na BR-116, entre Divino e Fervedouro &#8211; a cerca de 25 km de Carangola. O motorista da carreta n\u00e3o se feriu. O ve\u00edculo saiu da pista e tombou numa \u00e1rea lateral, e [&hellip;]<\/p>\n","protected":false},"author":2,"featured_media":0,"comment_status":"open","ping_status":"open","sticky":false,"template":"","format":"standard","meta":{"footnotes":""},"categories":[43],"tags":[],"class_list":["post-37000","post","type-post","status-publish","format-standard","hentry","category-divino-mg"],"_links":{"self":[{"href":"https:\/\/clickcarangola.com.br\/site\/wp-json\/wp\/v2\/posts\/37000","targetHints":{"allow":["GET"]}}],"collection":[{"href":"https:\/\/clickcarangola.com.br\/site\/wp-json\/wp\/v2\/posts"}],"about":[{"href":"https:\/\/clickcarangola.com.br\/site\/wp-json\/wp\/v2\/types\/post"}],"author":[{"embeddable":true,"href":"https:\/\/clickcarangola.com.br\/site\/wp-json\/wp\/v2\/users\/2"}],"replies":[{"embeddable":true,"href":"https:\/\/clickcarangola.com.br\/site\/wp-json\/wp\/v2\/comments?post=37000"}],"version-history":[{"count":6,"href":"https:\/\/clickcarangola.com.br\/site\/wp-json\/wp\/v2\/posts\/37000\/revisions"}],"predecessor-version":[{"id":37009,"href":"https:\/\/clickcarangola.com.br\/site\/wp-json\/wp\/v2\/posts\/37000\/revisions\/37009"}],"wp:attachment":[{"href":"https:\/\/clickcarangola.com.br\/site\/wp-json\/wp\/v2\/media?parent=37000"}],"wp:term":[{"taxonomy":"category","embeddable":true,"href":"https:\/\/clickcarangola.com.br\/site\/wp-json\/wp\/v2\/categories?post=37000"},{"taxonomy":"post_tag","embeddable":true,"href":"https:\/\/clickcarangola.com.br\/site\/wp-json\/wp\/v2\/tags?post=37000"}],"curies":[{"name":"wp","href":"https:\/\/api.w.org\/{rel}","templated":true}]}}