{"id":37052,"date":"2019-02-08T10:00:06","date_gmt":"2019-02-08T13:00:06","guid":{"rendered":"https:\/\/clickcarangola.com.br\/site\/?p=37052"},"modified":"2019-02-08T10:51:29","modified_gmt":"2019-02-08T13:51:29","slug":"carangola-divino-espera-feliz-e-manhumirim-cancelam-carnaval-2019","status":"publish","type":"post","link":"https:\/\/clickcarangola.com.br\/site\/08\/02\/2019\/carangola-divino-espera-feliz-e-manhumirim-cancelam-carnaval-2019\/","title":{"rendered":"Carangola, Divino, Espera Feliz e Manhumirim cancelam Carnaval 2019"},"content":{"rendered":"<p><img loading=\"lazy\" decoding=\"async\" class=\"alignleft size-full wp-image-37053\" src=\"https:\/\/clickcarangola.com.br\/site\/wp-content\/uploads\/2019\/02\/Carnaval-\u00e9-cancelado.jpg\" alt=\"\" width=\"300\" height=\"226\" \/>REDA\u00c7\u00c3O &#8211; Mais tr\u00eas prefeituras da regi\u00e3o anunciaram que n\u00e3o ir\u00e3o realizar festividades do Carnaval 2019.<\/p>\n<p>Em nota oficial divulgada \u00e0 imprensa, as administra\u00e7\u00f5es municipais de Carangola, Divino e Espera Feliz alegaram basicamente os mesmos motivos para decidir por n\u00e3o comemorar a folia. O mesmo ocorreu com o munic\u00edpio de Manhumirim.<!--more--><\/p>\n<p>Em nota, a Prefeitura de Divino informou que n\u00e3o disp\u00f5e de recursos financeiros para promover as festividades do Carnaval 2019. Entre os motivos, o governo municipal salientou que n\u00e3o recebe verbas espec\u00edficas para festas e que os compromissos do munic\u00edpio est\u00e3o todos prejudicados pelos sucessivos atrasos no repasse de recursos constitucionais pelo Governo de Minas.<\/p>\n<p>O prefeito Gilvan Pinheiro de Faria refor\u00e7ou que sabe a tradi\u00e7\u00e3o da cidade com o Carnaval, mas garantiu que a decis\u00e3o prioriza manter os recursos para servi\u00e7os essenciais, como atendimentos de sa\u00fade, educa\u00e7\u00e3o, limpeza urbana e pagamento dos servidores p\u00fablicos.<\/p>\n<p>J\u00e1 a administra\u00e7\u00e3o de Carangola pontua basicamente as mesmas dificuldades. A nota reconhece tamb\u00e9m o significado e import\u00e2ncia do Carnaval na hist\u00f3ria do munic\u00edpio.<\/p>\n<p>Segundo a Prefeitura, Carangola enfrenta a maior crise de sua hist\u00f3ria por falta dos recursos que deveriam ter sido repassados pelo Estado. A d\u00edvida de Minas Gerais para com o munic\u00edpio ultrapassa os R$ 18 milh\u00f5es.<\/p>\n<p>A Prefeitura de Carangola n\u00e3o organizar\u00e1 o carnaval oficial, o que inclui a ornamenta\u00e7\u00e3o da Avenida do Samba, montagem da estrutura da avenida e contrata\u00e7\u00e3o de atra\u00e7\u00f5es musicais. Por outro lado, como algumas escolas de samba, blocos carnavalescos, bois pintadinhos e a rec\u00e9m-criada Associa\u00e7\u00e3o das Escolas de Samba e Blocos Carnavalescos de Carangola (AESC) est\u00e3o organizando um movimento em prol da festa, como forma de incentivo e contribui\u00e7\u00e3o, a prefeitura est\u00e1 disponibilizando toda a documenta\u00e7\u00e3o necess\u00e1ria para que as entidades carnavalescas realizem seus eventos, buscando acompanhar o trabalho de organiza\u00e7\u00e3o para que os foli\u00f5es possam usufruir de uma programa\u00e7\u00e3o segura e estruturada.<\/p>\n<p>J\u00e1 a Prefeitura de Espera Feliz inicia sua nota pontuando a d\u00edvida do Estado com o Munic\u00edpio. Os atrasos somam R$ 7.403.096,74 e est\u00e3o inviabilizando a realiza\u00e7\u00e3o de quaisquer festividades.<\/p>\n<p>No mesmo esp\u00edrito de colabora\u00e7\u00e3o, a Prefeitura ressaltou que ir\u00e1 auxiliar com autoriza\u00e7\u00e3o de alvar\u00e1s, fechamento de ruas, notifica\u00e7\u00f5es \u00e0 Pol\u00edcia Militar e outros \u00f3rg\u00e3os no sentido de auxiliar blocos e grupos particulares que desejarem realizar alguma comemora\u00e7\u00e3o.<\/p>\n<p>Em janeiro, a Prefeitura de Manhumirim j\u00e1 havia feito o mesmo an\u00fancio, restringindo at\u00e9 mesmo as festas de particulares em espa\u00e7os p\u00fablicos.<\/p>\n<p><strong>Por: Click Carangola<\/strong><\/p>\n","protected":false},"excerpt":{"rendered":"<p>REDA\u00c7\u00c3O &#8211; Mais tr\u00eas prefeituras da regi\u00e3o anunciaram que n\u00e3o ir\u00e3o realizar festividades do Carnaval 2019. Em nota oficial divulgada \u00e0 imprensa, as administra\u00e7\u00f5es municipais de Carangola, Divino e Espera Feliz alegaram basicamente os mesmos motivos para decidir por n\u00e3o comemorar a folia. O mesmo ocorreu com o munic\u00edpio de Manhumirim.<\/p>\n","protected":false},"author":2,"featured_media":0,"comment_status":"open","ping_status":"open","sticky":false,"template":"","format":"standard","meta":{"footnotes":""},"categories":[37,43,45],"tags":[],"class_list":["post-37052","post","type-post","status-publish","format-standard","hentry","category-carangola-mg","category-divino-mg","category-esperafeliz-mg"],"_links":{"self":[{"href":"https:\/\/clickcarangola.com.br\/site\/wp-json\/wp\/v2\/posts\/37052","targetHints":{"allow":["GET"]}}],"collection":[{"href":"https:\/\/clickcarangola.com.br\/site\/wp-json\/wp\/v2\/posts"}],"about":[{"href":"https:\/\/clickcarangola.com.br\/site\/wp-json\/wp\/v2\/types\/post"}],"author":[{"embeddable":true,"href":"https:\/\/clickcarangola.com.br\/site\/wp-json\/wp\/v2\/users\/2"}],"replies":[{"embeddable":true,"href":"https:\/\/clickcarangola.com.br\/site\/wp-json\/wp\/v2\/comments?post=37052"}],"version-history":[{"count":10,"href":"https:\/\/clickcarangola.com.br\/site\/wp-json\/wp\/v2\/posts\/37052\/revisions"}],"predecessor-version":[{"id":37063,"href":"https:\/\/clickcarangola.com.br\/site\/wp-json\/wp\/v2\/posts\/37052\/revisions\/37063"}],"wp:attachment":[{"href":"https:\/\/clickcarangola.com.br\/site\/wp-json\/wp\/v2\/media?parent=37052"}],"wp:term":[{"taxonomy":"category","embeddable":true,"href":"https:\/\/clickcarangola.com.br\/site\/wp-json\/wp\/v2\/categories?post=37052"},{"taxonomy":"post_tag","embeddable":true,"href":"https:\/\/clickcarangola.com.br\/site\/wp-json\/wp\/v2\/tags?post=37052"}],"curies":[{"name":"wp","href":"https:\/\/api.w.org\/{rel}","templated":true}]}}