{"id":3752,"date":"2012-02-16T09:00:38","date_gmt":"2012-02-16T12:00:38","guid":{"rendered":"https:\/\/clickcarangola.com.br\/site\/?p=3752"},"modified":"2012-02-16T11:53:33","modified_gmt":"2012-02-16T14:53:33","slug":"jcc-sera-implantado-em-fervedouro","status":"publish","type":"post","link":"https:\/\/clickcarangola.com.br\/site\/16\/02\/2012\/jcc-sera-implantado-em-fervedouro\/","title":{"rendered":"JCC ser\u00e1 implantado em Fervedouro"},"content":{"rendered":"<p style=\"text-align: justify;\"><img loading=\"lazy\" decoding=\"async\" id=\"cboxPhoto\" class=\"alignleft\" src=\"https:\/\/portalcarangola.com\/wp-content\/uploads\/2012\/02\/jcc_fevedouro-1.jpg\" alt=\"\" width=\"300\" height=\"226\" \/><span style=\"color: #888888;\">O Programa JCC (Jovens Construindo a Cidadania), em parceria com a Pol\u00edcia Militar\u00a0e comunidade ser\u00e1 implantado em breve na cidade de Fervedouro.<\/span><\/p>\n<p style=\"text-align: left;\">\n<p style=\"text-align: justify;\"><span style=\"color: #888888;\">No \u00faltimo dia 13 de fevereiro, se reuniram na Escola Estadual Joaquim Bartholomeu Pedrosa, o Diretor Alessandro Chicarelli Pereira, o Comandante do 2\u00ba Pelot\u00e3o da 75\u00aa Cia Esp PM, Sub Ten Paulo C\u00e9zar e o Orientador do JCC, Sd F\u00e1bio.<!--more--><\/span><\/p>\n<p style=\"text-align: left;\">\n<p style=\"text-align: justify;\"><span style=\"color: #888888;\">Na ocasi\u00e3o foi dado o primeiro, dos seis passos para a implanta\u00e7\u00e3o deste programa da PMMG, de Preven\u00e7\u00e3o Criminal.<\/span><\/p>\n<p style=\"text-align: justify;\"><span style=\"color: #888888;\">Os demais passos ser\u00e3o:\u00a0Escolha do representante ou conselheiro; Escolha do Grupo Principal; Primeira Reuni\u00e3o Oficial do Grupo; Amplia\u00e7\u00e3o do Grupo e por \u00faltimo, Apresenta\u00e7\u00e3o Oficial do JCC, que acontecer\u00e3o no decorrer do primeiro semestre deste ano.<\/span><\/p>\n<p style=\"text-align: justify;\"><span style=\"color: #888888;\">O objetivo do programa de forma geral \u00e9 aprimorar e refor\u00e7ar atitudes proativas, preventivas e educativas nas comunidades escolares da rede p\u00fablica e privada, atuando junto aos adolescentes e jovens, ensinando valores positivos e princ\u00edpios de cidadania. <\/span><\/p>\n<p style=\"text-align: justify;\"><span style=\"color: #888888;\">O JCC de forma mais espec\u00edfica, visa criar um ambiente livre de crimes, drogas e viol\u00eancia, atrav\u00e9s de um movimento liderado pelos pr\u00f3prios jovens, sendo eles os principais respons\u00e1veis pela preven\u00e7\u00e3o, na busca de criar uma cultura de paz em um ambiente de aprendizado.<\/span><\/p>\n<p style=\"text-align: justify;\"><span style=\"color: #888888;\">O Comando da 75\u00aa Cia Esp PM Maj PM Luiz Andr\u00e9 de S\u00e1, disse que este \u00e9 um importante passo para uma longa trajet\u00f3ria de sucesso, que ser\u00e1 fruto da parceria entre PMMG, Escola e comunidade.<\/span><\/p>\n<p style=\"text-align: justify;\"><span style=\"color: #ff0000;\">Imagens da Escola Estadual Joaquim Bartholomeu Pedrosa:<\/span><\/p>\n<div><span style=\"color: #888888;\"><span style=\"color: #ff0000;\">\u00a0<\/span><\/span><\/div>\n<div><span style=\"color: #888888;\"><span style=\"color: #ff0000;\">\u00a0<\/span><\/span><\/div>\n<div><span style=\"color: #888888;\"><span style=\"color: #ff0000;\">\u00a0<\/span><\/span><\/div>\n<div><span style=\"color: #888888;\"><span style=\"color: #ff0000;\">\u00a0<\/span><\/span><\/div>\n<p><span style=\"color: #888888;\"><span style=\"color: #ff0000;\"><\/p>\n<div id=\"cboxLoadedContent\"><img loading=\"lazy\" decoding=\"async\" id=\"cboxPhoto\" src=\"https:\/\/portalcarangola.com\/wp-content\/uploads\/2012\/02\/jcc_fevedouro-2.jpg\" alt=\"\" width=\"300\" height=\"226\" \/><\/div>\n<p>\u00a0<\/p>\n<p><\/span><\/span><\/p>\n<p style=\"text-align: left;\">\n<div style=\"text-align: left;\"><span style=\"color: #888888;\"><span style=\"color: #888888;\"><span style=\"color: #ff0000;\">\u00a0<\/span><\/span><\/span><\/div>\n<div id=\"cboxLoadedContent\"><img loading=\"lazy\" decoding=\"async\" id=\"cboxPhoto\" src=\"https:\/\/portalcarangola.com\/wp-content\/uploads\/2012\/02\/jcc_fevedouro-3.jpg\" alt=\"\" width=\"300\" height=\"226\" \/><\/div>\n<div><span style=\"color: #888888;\"><span style=\"color: #888888;\"><span style=\"color: #ff0000;\"><span style=\"color: #888888;\"><span style=\"color: #888888;\"><span style=\"color: #ff0000;\">\u00a0<\/span><\/span><\/span><\/span><\/span><\/span><\/div>\n<div><span style=\"color: #888888;\"><span style=\"color: #888888;\"><span style=\"color: #ff0000;\"><span style=\"color: #888888;\"><span style=\"color: #888888;\"><span style=\"color: #ff0000;\">\u00a0<\/span><\/span><\/span><\/span><\/span><\/span><\/div>\n<div><span style=\"color: #888888;\"><span style=\"color: #888888;\"><span style=\"color: #ff0000;\"><span style=\"color: #888888;\"><span style=\"color: #888888;\"><span style=\"color: #ff0000;\">\u00a0<\/span><\/span><\/span><\/span><\/span><\/span><\/div>\n<div><span style=\"color: #888888;\"><span style=\"color: #888888;\"><span style=\"color: #ff0000;\"><span style=\"color: #888888;\"><span style=\"color: #888888;\"><span style=\"color: #ff0000;\">\u00a0<\/span><\/span><\/span><\/span><\/span><\/span><\/div>\n<p><span style=\"color: #888888;\"><span style=\"color: #888888;\"><span style=\"color: #ff0000;\"><span style=\"color: #888888;\"><span style=\"color: #888888;\"><span style=\"color: #ff0000;\"><\/p>\n<div id=\"cboxLoadedContent\"><img loading=\"lazy\" decoding=\"async\" id=\"cboxPhoto\" src=\"https:\/\/portalcarangola.com\/wp-content\/uploads\/2012\/02\/jcc_fevedouro-4.jpg\" alt=\"\" width=\"300\" height=\"226\" \/><\/div>\n<p>\u00a0<\/p>\n<p><span style=\"color: #888888;\">Com informa\u00e7\u00f5es da PM.<\/span><\/p>\n<p><strong><span style=\"color: #888888;\">Por: Click Carangola<\/span><\/strong><\/p>\n<p><\/span><\/span><\/span><\/span><\/span><\/span><\/p>\n","protected":false},"excerpt":{"rendered":"<p>O Programa JCC (Jovens Construindo a Cidadania), em parceria com a Pol\u00edcia Militar\u00a0e comunidade ser\u00e1 implantado em breve na cidade de Fervedouro. No \u00faltimo dia 13 de fevereiro, se reuniram na Escola Estadual Joaquim Bartholomeu Pedrosa, o Diretor Alessandro Chicarelli Pereira, o Comandante do 2\u00ba Pelot\u00e3o da 75\u00aa Cia Esp PM, Sub Ten Paulo C\u00e9zar [&hellip;]<\/p>\n","protected":false},"author":2,"featured_media":0,"comment_status":"open","ping_status":"open","sticky":false,"template":"","format":"standard","meta":{"footnotes":""},"categories":[47],"tags":[],"class_list":["post-3752","post","type-post","status-publish","format-standard","hentry","category-fervedouro-mg"],"_links":{"self":[{"href":"https:\/\/clickcarangola.com.br\/site\/wp-json\/wp\/v2\/posts\/3752","targetHints":{"allow":["GET"]}}],"collection":[{"href":"https:\/\/clickcarangola.com.br\/site\/wp-json\/wp\/v2\/posts"}],"about":[{"href":"https:\/\/clickcarangola.com.br\/site\/wp-json\/wp\/v2\/types\/post"}],"author":[{"embeddable":true,"href":"https:\/\/clickcarangola.com.br\/site\/wp-json\/wp\/v2\/users\/2"}],"replies":[{"embeddable":true,"href":"https:\/\/clickcarangola.com.br\/site\/wp-json\/wp\/v2\/comments?post=3752"}],"version-history":[{"count":8,"href":"https:\/\/clickcarangola.com.br\/site\/wp-json\/wp\/v2\/posts\/3752\/revisions"}],"predecessor-version":[{"id":3754,"href":"https:\/\/clickcarangola.com.br\/site\/wp-json\/wp\/v2\/posts\/3752\/revisions\/3754"}],"wp:attachment":[{"href":"https:\/\/clickcarangola.com.br\/site\/wp-json\/wp\/v2\/media?parent=3752"}],"wp:term":[{"taxonomy":"category","embeddable":true,"href":"https:\/\/clickcarangola.com.br\/site\/wp-json\/wp\/v2\/categories?post=3752"},{"taxonomy":"post_tag","embeddable":true,"href":"https:\/\/clickcarangola.com.br\/site\/wp-json\/wp\/v2\/tags?post=3752"}],"curies":[{"name":"wp","href":"https:\/\/api.w.org\/{rel}","templated":true}]}}