{"id":38379,"date":"2019-06-02T10:00:03","date_gmt":"2019-06-02T13:00:03","guid":{"rendered":"https:\/\/clickcarangola.com.br\/site\/?p=38379"},"modified":"2019-06-02T11:40:50","modified_gmt":"2019-06-02T14:40:50","slug":"acidente-entre-miradouro-e-fervedouro-deixa-duas-pessoas-mortas-na-br-116","status":"publish","type":"post","link":"https:\/\/clickcarangola.com.br\/site\/02\/06\/2019\/acidente-entre-miradouro-e-fervedouro-deixa-duas-pessoas-mortas-na-br-116\/","title":{"rendered":"Acidente entre Miradouro e Fervedouro deixa duas pessoas mortas na BR-116"},"content":{"rendered":"<p><img loading=\"lazy\" decoding=\"async\" class=\"alignleft size-full wp-image-38380\" src=\"https:\/\/clickcarangola.com.br\/site\/wp-content\/uploads\/2019\/06\/Acidente-entre-Miradouro-e-Fervedouro-01.jpeg\" alt=\"\" width=\"300\" height=\"226\" srcset=\"https:\/\/clickcarangola.com.br\/site\/wp-content\/uploads\/2019\/06\/Acidente-entre-Miradouro-e-Fervedouro-01.jpeg 600w, https:\/\/clickcarangola.com.br\/site\/wp-content\/uploads\/2019\/06\/Acidente-entre-Miradouro-e-Fervedouro-01-300x226.jpeg 300w, https:\/\/clickcarangola.com.br\/site\/wp-content\/uploads\/2019\/06\/Acidente-entre-Miradouro-e-Fervedouro-01-100x75.jpeg 100w\" sizes=\"auto, (max-width: 300px) 100vw, 300px\" \/>MIRADOURO \/ FERVEDOURO &#8211; Duas pessoas morreram em um acidente ocorrido na manh\u00e3 deste domingo (02), na\u00a0BR-116, no trecho entre as cidades de Miradouro e Fervedouro.<\/p>\n<p>De acordo com informa\u00e7\u00f5es do Corpo de Bombeiros (CB), Maria Helenilda dos Santos Batista, de 25 anos e Francisco Ant\u00f4nio Martins Moreira, de 50 anos, morreram na hora.<!--more--><\/p>\n<p>O ve\u00edculo com placas de S\u00e3o Paulo-SP perdeu o controle, ao passar por uma curva na rodovia e bateu de frente com um caminh\u00e3o carregado de uvas que seguia com destino ao Rio de Janeiro-RJ.<\/p>\n<p>O Corpo de Bombeiros (CB) foi acionado e aguarda a chegada da per\u00edcia para retirar e identificar os corpos.<\/p>\n<p>Nesse momento o tr\u00e2nsito se encontra parcialmente interditado. A Pol\u00edcia Rodovi\u00e1ria Federal (PRF) est\u00e1 no local controlando o tr\u00e2nsito e pede que os motoristas redobrem a aten\u00e7\u00e3o ao passar pela rodovia.<\/p>\n<p>O motorista do caminh\u00e3o n\u00e3o sofreu ferimentos.<\/p>\n<p><strong>Confira as imagens:<\/strong><\/p>\n<p><img loading=\"lazy\" decoding=\"async\" src=\"https:\/\/clickcarangola.com.br\/site\/wp-content\/uploads\/2019\/06\/Acidente-entre-Miradouro-e-Fervedouro-02.jpeg\" alt=\"\" width=\"400\" height=\"300\" \/><br \/>\n<img loading=\"lazy\" decoding=\"async\" src=\"https:\/\/clickcarangola.com.br\/site\/wp-content\/uploads\/2019\/06\/Acidente-entre-Miradouro-e-Fervedouro-03.jpeg\" alt=\"\" width=\"400\" height=\"300\" \/><br \/>\n<img loading=\"lazy\" decoding=\"async\" src=\"https:\/\/clickcarangola.com.br\/site\/wp-content\/uploads\/2019\/06\/Acidente-entre-Miradouro-e-Fervedouro-04.jpeg\" alt=\"\" width=\"400\" height=\"300\" \/><br \/>\n<img loading=\"lazy\" decoding=\"async\" src=\"https:\/\/clickcarangola.com.br\/site\/wp-content\/uploads\/2019\/06\/Acidente-entre-Miradouro-e-Fervedouro-05.jpeg\" alt=\"\" width=\"400\" height=\"300\" \/><br \/>\n<img loading=\"lazy\" decoding=\"async\" src=\"https:\/\/clickcarangola.com.br\/site\/wp-content\/uploads\/2019\/06\/Acidente-entre-Miradouro-e-Fervedouro-06.jpeg\" alt=\"\" width=\"400\" height=\"300\" \/><br \/>\n<img loading=\"lazy\" decoding=\"async\" src=\"https:\/\/clickcarangola.com.br\/site\/wp-content\/uploads\/2019\/06\/Acidente-entre-Miradouro-e-Fervedouro-07.jpeg\" alt=\"\" width=\"400\" height=\"300\" \/><br \/>\n<img loading=\"lazy\" decoding=\"async\" src=\"https:\/\/clickcarangola.com.br\/site\/wp-content\/uploads\/2019\/06\/Acidente-entre-Miradouro-e-Fervedouro-08.jpeg\" alt=\"\" width=\"400\" height=\"300\" \/><br \/>\n<img loading=\"lazy\" decoding=\"async\" src=\"https:\/\/clickcarangola.com.br\/site\/wp-content\/uploads\/2019\/06\/Acidente-entre-Miradouro-e-Fervedouro-09.jpeg\" alt=\"\" width=\"400\" height=\"300\" \/><br \/>\n<img loading=\"lazy\" decoding=\"async\" src=\"https:\/\/clickcarangola.com.br\/site\/wp-content\/uploads\/2019\/06\/Acidente-entre-Miradouro-e-Fervedouro-10.jpeg\" alt=\"\" width=\"400\" height=\"300\" \/><\/p>\n<p><strong>Por: Click Carangola<\/strong> | Com informa\u00e7\u00f5es Paulo Roberto e R\u00e1dio Muria\u00e9.<\/p>\n","protected":false},"excerpt":{"rendered":"<p>MIRADOURO \/ FERVEDOURO &#8211; Duas pessoas morreram em um acidente ocorrido na manh\u00e3 deste domingo (02), na\u00a0BR-116, no trecho entre as cidades de Miradouro e Fervedouro. De acordo com informa\u00e7\u00f5es do Corpo de Bombeiros (CB), Maria Helenilda dos Santos Batista, de 25 anos e Francisco Ant\u00f4nio Martins Moreira, de 50 anos, morreram na hora.<\/p>\n","protected":false},"author":2,"featured_media":0,"comment_status":"open","ping_status":"open","sticky":false,"template":"","format":"standard","meta":{"footnotes":""},"categories":[47,1],"tags":[],"class_list":["post-38379","post","type-post","status-publish","format-standard","hentry","category-fervedouro-mg","category-regional"],"_links":{"self":[{"href":"https:\/\/clickcarangola.com.br\/site\/wp-json\/wp\/v2\/posts\/38379","targetHints":{"allow":["GET"]}}],"collection":[{"href":"https:\/\/clickcarangola.com.br\/site\/wp-json\/wp\/v2\/posts"}],"about":[{"href":"https:\/\/clickcarangola.com.br\/site\/wp-json\/wp\/v2\/types\/post"}],"author":[{"embeddable":true,"href":"https:\/\/clickcarangola.com.br\/site\/wp-json\/wp\/v2\/users\/2"}],"replies":[{"embeddable":true,"href":"https:\/\/clickcarangola.com.br\/site\/wp-json\/wp\/v2\/comments?post=38379"}],"version-history":[{"count":7,"href":"https:\/\/clickcarangola.com.br\/site\/wp-json\/wp\/v2\/posts\/38379\/revisions"}],"predecessor-version":[{"id":38396,"href":"https:\/\/clickcarangola.com.br\/site\/wp-json\/wp\/v2\/posts\/38379\/revisions\/38396"}],"wp:attachment":[{"href":"https:\/\/clickcarangola.com.br\/site\/wp-json\/wp\/v2\/media?parent=38379"}],"wp:term":[{"taxonomy":"category","embeddable":true,"href":"https:\/\/clickcarangola.com.br\/site\/wp-json\/wp\/v2\/categories?post=38379"},{"taxonomy":"post_tag","embeddable":true,"href":"https:\/\/clickcarangola.com.br\/site\/wp-json\/wp\/v2\/tags?post=38379"}],"curies":[{"name":"wp","href":"https:\/\/api.w.org\/{rel}","templated":true}]}}