{"id":38961,"date":"2019-07-23T10:00:45","date_gmt":"2019-07-23T13:00:45","guid":{"rendered":"https:\/\/clickcarangola.com.br\/site\/?p=38961"},"modified":"2019-07-23T12:17:10","modified_gmt":"2019-07-23T15:17:10","slug":"colisao-entre-carretas-na-br-116-deixa-motorista-gravemente-ferido","status":"publish","type":"post","link":"https:\/\/clickcarangola.com.br\/site\/23\/07\/2019\/colisao-entre-carretas-na-br-116-deixa-motorista-gravemente-ferido\/","title":{"rendered":"Colis\u00e3o entre carretas na BR-116 deixa motorista gravemente ferido"},"content":{"rendered":"<p><img loading=\"lazy\" decoding=\"async\" class=\"alignleft size-full wp-image-38965\" src=\"https:\/\/clickcarangola.com.br\/site\/wp-content\/uploads\/2019\/07\/Colis\u00e3o-entre-carretas-01.jpeg\" alt=\"\" width=\"300\" height=\"226\" srcset=\"https:\/\/clickcarangola.com.br\/site\/wp-content\/uploads\/2019\/07\/Colis\u00e3o-entre-carretas-01.jpeg 700w, https:\/\/clickcarangola.com.br\/site\/wp-content\/uploads\/2019\/07\/Colis\u00e3o-entre-carretas-01-300x225.jpeg 300w, https:\/\/clickcarangola.com.br\/site\/wp-content\/uploads\/2019\/07\/Colis\u00e3o-entre-carretas-01-100x75.jpeg 100w\" sizes=\"auto, (max-width: 300px) 100vw, 300px\" \/>FERVEDOURO \/ DIVINO &#8211; Um motorista de carreta ficou gravemente ferido na manh\u00e3 desta ter\u00e7a-feira (23), ap\u00f3s bater de frente com outra carreta na BR-116, entre os munic\u00edpios de Fervedouro e Divino &#8211; a aproximadamente 32 km de Carangola.<\/p>\n<p>O impacto foi t\u00e3o forte que um dos ve\u00edculos chegou a tombar na pista e o outro saiu da rodovia.<!--more--><\/p>\n<p>O Corpo de Bombeiros (CB) acompanhado de uma equipe do SAMU 192 estiveram no local e levaram a v\u00edtima que ficou presa \u00e0s ferragens para o Pronto Socorro Regional (PSR) do Hospital Casa de Caridade de Carangola (HCCC). O outro motorista envolvido no acidente n\u00e3o se feriu.<\/p>\n<p>Uma equipe da per\u00edcia t\u00e9cnica da Pol\u00edcia Civil (PC) ir\u00e1 apurar as causas do acidente.<\/p>\n<p>Durante uma parte da manh\u00e3, o tr\u00e2nsito na rodovia ficou interditado, mas horas depois ficou normalizado com o controle feito pela Pol\u00edcia Rodovi\u00e1ria Federal (PRF) que tamb\u00e9m registrou a ocorr\u00eancia.<\/p>\n<p><strong>Confira as imagens:<\/strong><\/p>\n<p><img loading=\"lazy\" decoding=\"async\" src=\"https:\/\/clickcarangola.com.br\/site\/wp-content\/uploads\/2019\/07\/Colis\u00e3o-entre-carretas-02.jpeg\" alt=\"\" width=\"400\" height=\"300\" \/><br \/>\n<img loading=\"lazy\" decoding=\"async\" src=\"https:\/\/clickcarangola.com.br\/site\/wp-content\/uploads\/2019\/07\/Colis\u00e3o-entre-carretas-03.jpeg\" alt=\"\" width=\"400\" height=\"300\" \/><br \/>\n<img loading=\"lazy\" decoding=\"async\" src=\"https:\/\/clickcarangola.com.br\/site\/wp-content\/uploads\/2019\/07\/Colis\u00e3o-entre-carretas-04.jpeg\" alt=\"\" width=\"400\" height=\"300\" \/><br \/>\n<img loading=\"lazy\" decoding=\"async\" src=\"https:\/\/clickcarangola.com.br\/site\/wp-content\/uploads\/2019\/07\/Colis\u00e3o-entre-carretas-05.jpeg\" alt=\"\" width=\"400\" height=\"300\" \/><br \/>\n<img loading=\"lazy\" decoding=\"async\" src=\"https:\/\/clickcarangola.com.br\/site\/wp-content\/uploads\/2019\/07\/Colis\u00e3o-entre-carretas-06.jpeg\" alt=\"\" width=\"400\" height=\"300\" \/><br \/>\n<img loading=\"lazy\" decoding=\"async\" src=\"https:\/\/clickcarangola.com.br\/site\/wp-content\/uploads\/2019\/07\/Colis\u00e3o-entre-carretas-07.jpeg\" alt=\"\" width=\"400\" height=\"300\" \/><br \/>\n<img loading=\"lazy\" decoding=\"async\" src=\"https:\/\/clickcarangola.com.br\/site\/wp-content\/uploads\/2019\/07\/Colis\u00e3o-entre-carretas-08.jpeg\" alt=\"\" width=\"400\" height=\"300\" \/><br \/>\n<img loading=\"lazy\" decoding=\"async\" src=\"https:\/\/clickcarangola.com.br\/site\/wp-content\/uploads\/2019\/07\/Colis\u00e3o-entre-carretas-09.jpeg\" alt=\"\" width=\"400\" height=\"300\" \/><br \/>\n<img loading=\"lazy\" decoding=\"async\" src=\"https:\/\/clickcarangola.com.br\/site\/wp-content\/uploads\/2019\/07\/Colis\u00e3o-entre-carretas-10.jpeg\" alt=\"\" width=\"400\" height=\"300\" \/><br \/>\n<img loading=\"lazy\" decoding=\"async\" src=\"https:\/\/clickcarangola.com.br\/site\/wp-content\/uploads\/2019\/07\/Colis\u00e3o-entre-carretas-11.jpeg\" alt=\"\" width=\"400\" height=\"300\" \/><\/p>\n<p><strong>Por: Click Carangola<\/strong> | Com informa\u00e7\u00f5es Paulo Roberto e R\u00e1dio Muria\u00e9.<\/p>\n","protected":false},"excerpt":{"rendered":"<p>FERVEDOURO \/ DIVINO &#8211; Um motorista de carreta ficou gravemente ferido na manh\u00e3 desta ter\u00e7a-feira (23), ap\u00f3s bater de frente com outra carreta na BR-116, entre os munic\u00edpios de Fervedouro e Divino &#8211; a aproximadamente 32 km de Carangola. O impacto foi t\u00e3o forte que um dos ve\u00edculos chegou a tombar na pista e o [&hellip;]<\/p>\n","protected":false},"author":2,"featured_media":0,"comment_status":"open","ping_status":"open","sticky":false,"template":"","format":"standard","meta":{"footnotes":""},"categories":[43,47],"tags":[],"class_list":["post-38961","post","type-post","status-publish","format-standard","hentry","category-divino-mg","category-fervedouro-mg"],"_links":{"self":[{"href":"https:\/\/clickcarangola.com.br\/site\/wp-json\/wp\/v2\/posts\/38961","targetHints":{"allow":["GET"]}}],"collection":[{"href":"https:\/\/clickcarangola.com.br\/site\/wp-json\/wp\/v2\/posts"}],"about":[{"href":"https:\/\/clickcarangola.com.br\/site\/wp-json\/wp\/v2\/types\/post"}],"author":[{"embeddable":true,"href":"https:\/\/clickcarangola.com.br\/site\/wp-json\/wp\/v2\/users\/2"}],"replies":[{"embeddable":true,"href":"https:\/\/clickcarangola.com.br\/site\/wp-json\/wp\/v2\/comments?post=38961"}],"version-history":[{"count":7,"href":"https:\/\/clickcarangola.com.br\/site\/wp-json\/wp\/v2\/posts\/38961\/revisions"}],"predecessor-version":[{"id":38979,"href":"https:\/\/clickcarangola.com.br\/site\/wp-json\/wp\/v2\/posts\/38961\/revisions\/38979"}],"wp:attachment":[{"href":"https:\/\/clickcarangola.com.br\/site\/wp-json\/wp\/v2\/media?parent=38961"}],"wp:term":[{"taxonomy":"category","embeddable":true,"href":"https:\/\/clickcarangola.com.br\/site\/wp-json\/wp\/v2\/categories?post=38961"},{"taxonomy":"post_tag","embeddable":true,"href":"https:\/\/clickcarangola.com.br\/site\/wp-json\/wp\/v2\/tags?post=38961"}],"curies":[{"name":"wp","href":"https:\/\/api.w.org\/{rel}","templated":true}]}}